{"id":7572,"date":"2020-04-21T09:08:16","date_gmt":"2020-04-21T09:08:16","guid":{"rendered":"http:\/\/www.oitz.org\/?p=7572"},"modified":"2020-04-21T09:08:16","modified_gmt":"2020-04-21T09:08:16","slug":"2020ko-ibilgailuen-gaineko-zergaren-ordain-agiriak","status":"publish","type":"post","link":"http:\/\/www.oitz.org\/es\/2020\/04\/21\/2020ko-ibilgailuen-gaineko-zergaren-ordain-agiriak\/","title":{"rendered":"Recibos del Impuesto de veh\u00edculos de tracci\u00f3n mec\u00e1nica 2020"},"content":{"rendered":"<p>Se han expedido los recibos del impuesto de veh\u00edculos de tracci\u00f3n mec\u00e1nica ejercicio 2020. Fecha de expedici\u00f3n: 21 de abril de 2020.\u00a0\u00a0\u00a0\u00a0\u00a0\u00a0\u00a0\u00a0\u00a0\u00a0\u00a0\u00a0\u00a0\u00a0\u00a0\u00a0\u00a0\u00a0\u00a0\u00a0\u00a0\u00a0\u00a0\u00a0\u00a0\u00a0\u00a0\u00a0\u00a0\u00a0\u00a0\u00a0\u00a0\u00a0\u00a0\u00a0\u00a0\u00a0\u00a0\u00a0\u00a0\u00a0\u00a0\u00a0\u00a0\u00a0\u00a0\u00a0\u00a0\u00a0\u00a0\u00a0\u00a0\u00a0\u00a0\u00a0\u00a0\u00a0\u00a0\u00a0\u00a0\u00a0\u00a0\u00a0\u00a0\u00a0\u00a0\u00a0\u00a0\u00a0\u00a0\u00a0\u00a0\u00a0\u00a0 Periodo de cobro: 21-04-2020 hasta 21-05-2020. \u00a0 \u00a0 \u00a0 \u00a0 \u00a0 \u00a0 \u00a0 \u00a0 \u00a0 \u00a0 \u00a0 \u00a0 \u00a0 \u00a0 \u00a0 \u00a0 \u00a0 \u00a0 \u00a0 \u00a0 \u00a0 \u00a0 \u00a0 \u00a0 \u00a0 \u00a0 \u00a0 \u00a0 \u00a0 \u00a0 \u00a0 \u00a0 \u00a0 \u00a0\u00a0 Lo que hago p\u00fablico para general conocimiento.<\/p>\n<p>El Alcalde. Ugutz Zelaieta Fernandez.<\/p>","protected":false},"excerpt":{"rendered":"<p>Se han expedido los recibos del impuesto de veh\u00edculos de tracci\u00f3n mec\u00e1nica ejercicio 2020. Fecha de expedici\u00f3n: 21 de abril de 2020.\u00a0\u00a0\u00a0\u00a0\u00a0\u00a0\u00a0\u00a0\u00a0\u00a0\u00a0\u00a0\u00a0\u00a0\u00a0\u00a0\u00a0\u00a0\u00a0\u00a0\u00a0\u00a0\u00a0\u00a0\u00a0\u00a0\u00a0\u00a0\u00a0\u00a0\u00a0\u00a0\u00a0\u00a0\u00a0\u00a0\u00a0\u00a0\u00a0\u00a0\u00a0\u00a0\u00a0\u00a0\u00a0\u00a0\u00a0\u00a0\u00a0\u00a0\u00a0\u00a0\u00a0\u00a0\u00a0\u00a0\u00a0\u00a0\u00a0\u00a0\u00a0\u00a0\u00a0\u00a0\u00a0\u00a0\u00a0\u00a0\u00a0\u00a0\u00a0\u00a0\u00a0\u00a0\u00a0 Periodo de cobro: 21-04-2020 hasta 21-05-2020. \u00a0 \u00a0 \u00a0 \u00a0 \u00a0 \u00a0 \u00a0 \u00a0 \u00a0 \u00a0 \u00a0 \u00a0&hellip; <\/p>\n","protected":false},"author":19041,"featured_media":0,"comment_status":"closed","ping_status":"closed","sticky":false,"template":"","format":"standard","meta":{"_monsterinsights_skip_tracking":false,"_monsterinsights_sitenote_active":false,"_monsterinsights_sitenote_note":"","_monsterinsights_sitenote_category":0,"footnotes":""},"categories":[1],"tags":[],"class_list":["post-7572","post","type-post","status-publish","format-standard","hentry","category-noticias"],"yoast_head":"<!-- This site is optimized with the Yoast SEO plugin v26.8 - https:\/\/yoast.com\/product\/yoast-seo-wordpress\/ -->\r\n<title>Recibos del Impuesto de veh\u00edculos de tracci\u00f3n mec\u00e1nica 2020 - Ayuntamiento de Oitz<\/title>\r\n<meta name=\"robots\" content=\"index, follow, max-snippet:-1, max-image-preview:large, max-video-preview:-1\" \/>\r\n<link rel=\"canonical\" href=\"http:\/\/www.oitz.org\/es\/2020\/04\/21\/2020ko-ibilgailuen-gaineko-zergaren-ordain-agiriak\/\" \/>\r\n<meta property=\"og:locale\" content=\"es_ES\" \/>\r\n<meta property=\"og:type\" content=\"article\" \/>\r\n<meta property=\"og:title\" content=\"Recibos del Impuesto de veh\u00edculos de tracci\u00f3n mec\u00e1nica 2020 - Ayuntamiento de Oitz\" \/>\r\n<meta property=\"og:description\" content=\"Se han expedido los recibos del impuesto de veh\u00edculos de tracci\u00f3n mec\u00e1nica ejercicio 2020. Fecha de expedici\u00f3n: 21 de abril de 2020.\u00a0\u00a0\u00a0\u00a0\u00a0\u00a0\u00a0\u00a0\u00a0\u00a0\u00a0\u00a0\u00a0\u00a0\u00a0\u00a0\u00a0\u00a0\u00a0\u00a0\u00a0\u00a0\u00a0\u00a0\u00a0\u00a0\u00a0\u00a0\u00a0\u00a0\u00a0\u00a0\u00a0\u00a0\u00a0\u00a0\u00a0\u00a0\u00a0\u00a0\u00a0\u00a0\u00a0\u00a0\u00a0\u00a0\u00a0\u00a0\u00a0\u00a0\u00a0\u00a0\u00a0\u00a0\u00a0\u00a0\u00a0\u00a0\u00a0\u00a0\u00a0\u00a0\u00a0\u00a0\u00a0\u00a0\u00a0\u00a0\u00a0\u00a0\u00a0\u00a0\u00a0\u00a0\u00a0 Periodo de cobro: 21-04-2020 hasta 21-05-2020. \u00a0 \u00a0 \u00a0 \u00a0 \u00a0 \u00a0 \u00a0 \u00a0 \u00a0 \u00a0 \u00a0 \u00a0&hellip;\" \/>\r\n<meta property=\"og:url\" content=\"http:\/\/www.oitz.org\/es\/2020\/04\/21\/2020ko-ibilgailuen-gaineko-zergaren-ordain-agiriak\/\" \/>\r\n<meta property=\"og:site_name\" content=\"Ayuntamiento de Oitz\" \/>\r\n<meta property=\"article:published_time\" content=\"2020-04-21T09:08:16+00:00\" \/>\r\n<meta name=\"author\" content=\"meulate\" \/>\r\n<meta name=\"twitter:card\" content=\"summary_large_image\" \/>\r\n<meta name=\"twitter:label1\" content=\"Escrito por\" \/>\n\t<meta name=\"twitter:data1\" content=\"meulate\" \/>\r\n<script type=\"application\/ld+json\" class=\"yoast-schema-graph\">{\"@context\":\"https:\/\/schema.org\",\"@graph\":[{\"@type\":\"Article\",\"@id\":\"http:\/\/www.oitz.org\/es\/2020\/04\/21\/2020ko-ibilgailuen-gaineko-zergaren-ordain-agiriak\/#article\",\"isPartOf\":{\"@id\":\"http:\/\/www.oitz.org\/es\/2020\/04\/21\/2020ko-ibilgailuen-gaineko-zergaren-ordain-agiriak\/\"},\"author\":{\"name\":\"meulate\",\"@id\":\"http:\/\/www.oitz.org\/#\/schema\/person\/b8c8fa1afa5521599a21f1bf80387633\"},\"headline\":\"Recibos del Impuesto de veh\u00edculos de tracci\u00f3n mec\u00e1nica 2020\",\"datePublished\":\"2020-04-21T09:08:16+00:00\",\"mainEntityOfPage\":{\"@id\":\"http:\/\/www.oitz.org\/es\/2020\/04\/21\/2020ko-ibilgailuen-gaineko-zergaren-ordain-agiriak\/\"},\"wordCount\":93,\"articleSection\":[\"Noticias\"],\"inLanguage\":\"es\"},{\"@type\":\"WebPage\",\"@id\":\"http:\/\/www.oitz.org\/es\/2020\/04\/21\/2020ko-ibilgailuen-gaineko-zergaren-ordain-agiriak\/\",\"url\":\"http:\/\/www.oitz.org\/es\/2020\/04\/21\/2020ko-ibilgailuen-gaineko-zergaren-ordain-agiriak\/\",\"name\":\"Recibos del Impuesto de veh\u00edculos de tracci\u00f3n mec\u00e1nica 2020 - Ayuntamiento de Oitz\",\"isPartOf\":{\"@id\":\"http:\/\/www.oitz.org\/es\/#website\"},\"datePublished\":\"2020-04-21T09:08:16+00:00\",\"author\":{\"@id\":\"http:\/\/www.oitz.org\/#\/schema\/person\/b8c8fa1afa5521599a21f1bf80387633\"},\"breadcrumb\":{\"@id\":\"http:\/\/www.oitz.org\/es\/2020\/04\/21\/2020ko-ibilgailuen-gaineko-zergaren-ordain-agiriak\/#breadcrumb\"},\"inLanguage\":\"es\",\"potentialAction\":[{\"@type\":\"ReadAction\",\"target\":[[\"http:\/\/www.oitz.org\/es\/2020\/04\/21\/2020ko-ibilgailuen-gaineko-zergaren-ordain-agiriak\/\"]]}]},{\"@type\":\"BreadcrumbList\",\"@id\":\"http:\/\/www.oitz.org\/es\/2020\/04\/21\/2020ko-ibilgailuen-gaineko-zergaren-ordain-agiriak\/#breadcrumb\",\"itemListElement\":[{\"@type\":\"ListItem\",\"position\":1,\"name\":\"Home\",\"item\":\"http:\/\/www.oitz.org\/es\/\"},{\"@type\":\"ListItem\",\"position\":2,\"name\":\"Recibos del Impuesto de veh\u00edculos de tracci\u00f3n mec\u00e1nica 2020\"}]},{\"@type\":\"WebSite\",\"@id\":\"http:\/\/www.oitz.org\/es\/#website\",\"url\":\"http:\/\/www.oitz.org\/es\/\",\"name\":\"Ayuntamiento de Oitz\",\"description\":\"Sitio web del Ayuntamiento de Oitz \/ Oizko Udala\",\"potentialAction\":[{\"@type\":\"SearchAction\",\"target\":{\"@type\":\"EntryPoint\",\"urlTemplate\":\"http:\/\/www.oitz.org\/es\/?s={search_term_string}\"},\"query-input\":{\"@type\":\"PropertyValueSpecification\",\"valueRequired\":true,\"valueName\":\"search_term_string\"}}],\"inLanguage\":\"es\"},{\"@type\":\"Person\",\"@id\":\"http:\/\/www.oitz.org\/#\/schema\/person\/b8c8fa1afa5521599a21f1bf80387633\",\"name\":\"meulate\",\"image\":{\"@type\":\"ImageObject\",\"inLanguage\":\"es\",\"@id\":\"http:\/\/www.oitz.org\/es\/#\/schema\/person\/image\/\",\"url\":\"https:\/\/secure.gravatar.com\/avatar\/462c3e5ff3788ef8091b80866846e1cea270cc69d6e8adc8db840b403b79ea4f?s=96&d=mm&r=g\",\"contentUrl\":\"https:\/\/secure.gravatar.com\/avatar\/462c3e5ff3788ef8091b80866846e1cea270cc69d6e8adc8db840b403b79ea4f?s=96&d=mm&r=g\",\"caption\":\"meulate\"},\"url\":\"http:\/\/www.oitz.org\/es\/author\/meulate\/\"}]}<\/script>\r\n<!-- \/ Yoast SEO plugin. -->","yoast_head_json":{"title":"Recibos del Impuesto de veh\u00edculos de tracci\u00f3n mec\u00e1nica 2020 - Ayuntamiento de Oitz","robots":{"index":"index","follow":"follow","max-snippet":"max-snippet:-1","max-image-preview":"max-image-preview:large","max-video-preview":"max-video-preview:-1"},"canonical":"http:\/\/www.oitz.org\/es\/2020\/04\/21\/2020ko-ibilgailuen-gaineko-zergaren-ordain-agiriak\/","og_locale":"es_ES","og_type":"article","og_title":"Recibos del Impuesto de veh\u00edculos de tracci\u00f3n mec\u00e1nica 2020 - Ayuntamiento de Oitz","og_description":"Se han expedido los recibos del impuesto de veh\u00edculos de tracci\u00f3n mec\u00e1nica ejercicio 2020. Fecha de expedici\u00f3n: 21 de abril de 2020.\u00a0\u00a0\u00a0\u00a0\u00a0\u00a0\u00a0\u00a0\u00a0\u00a0\u00a0\u00a0\u00a0\u00a0\u00a0\u00a0\u00a0\u00a0\u00a0\u00a0\u00a0\u00a0\u00a0\u00a0\u00a0\u00a0\u00a0\u00a0\u00a0\u00a0\u00a0\u00a0\u00a0\u00a0\u00a0\u00a0\u00a0\u00a0\u00a0\u00a0\u00a0\u00a0\u00a0\u00a0\u00a0\u00a0\u00a0\u00a0\u00a0\u00a0\u00a0\u00a0\u00a0\u00a0\u00a0\u00a0\u00a0\u00a0\u00a0\u00a0\u00a0\u00a0\u00a0\u00a0\u00a0\u00a0\u00a0\u00a0\u00a0\u00a0\u00a0\u00a0\u00a0\u00a0\u00a0 Periodo de cobro: 21-04-2020 hasta 21-05-2020. \u00a0 \u00a0 \u00a0 \u00a0 \u00a0 \u00a0 \u00a0 \u00a0 \u00a0 \u00a0 \u00a0 \u00a0&hellip;","og_url":"http:\/\/www.oitz.org\/es\/2020\/04\/21\/2020ko-ibilgailuen-gaineko-zergaren-ordain-agiriak\/","og_site_name":"Ayuntamiento de Oitz","article_published_time":"2020-04-21T09:08:16+00:00","author":"meulate","twitter_card":"summary_large_image","twitter_misc":{"Escrito por":"meulate"},"schema":{"@context":"https:\/\/schema.org","@graph":[{"@type":"Article","@id":"http:\/\/www.oitz.org\/es\/2020\/04\/21\/2020ko-ibilgailuen-gaineko-zergaren-ordain-agiriak\/#article","isPartOf":{"@id":"http:\/\/www.oitz.org\/es\/2020\/04\/21\/2020ko-ibilgailuen-gaineko-zergaren-ordain-agiriak\/"},"author":{"name":"meulate","@id":"http:\/\/www.oitz.org\/#\/schema\/person\/b8c8fa1afa5521599a21f1bf80387633"},"headline":"Recibos del Impuesto de veh\u00edculos de tracci\u00f3n mec\u00e1nica 2020","datePublished":"2020-04-21T09:08:16+00:00","mainEntityOfPage":{"@id":"http:\/\/www.oitz.org\/es\/2020\/04\/21\/2020ko-ibilgailuen-gaineko-zergaren-ordain-agiriak\/"},"wordCount":93,"articleSection":["Noticias"],"inLanguage":"es"},{"@type":"WebPage","@id":"http:\/\/www.oitz.org\/es\/2020\/04\/21\/2020ko-ibilgailuen-gaineko-zergaren-ordain-agiriak\/","url":"http:\/\/www.oitz.org\/es\/2020\/04\/21\/2020ko-ibilgailuen-gaineko-zergaren-ordain-agiriak\/","name":"Recibos del Impuesto de veh\u00edculos de tracci\u00f3n mec\u00e1nica 2020 - Ayuntamiento de Oitz","isPartOf":{"@id":"http:\/\/www.oitz.org\/es\/#website"},"datePublished":"2020-04-21T09:08:16+00:00","author":{"@id":"http:\/\/www.oitz.org\/#\/schema\/person\/b8c8fa1afa5521599a21f1bf80387633"},"breadcrumb":{"@id":"http:\/\/www.oitz.org\/es\/2020\/04\/21\/2020ko-ibilgailuen-gaineko-zergaren-ordain-agiriak\/#breadcrumb"},"inLanguage":"es","potentialAction":[{"@type":"ReadAction","target":[["http:\/\/www.oitz.org\/es\/2020\/04\/21\/2020ko-ibilgailuen-gaineko-zergaren-ordain-agiriak\/"]]}]},{"@type":"BreadcrumbList","@id":"http:\/\/www.oitz.org\/es\/2020\/04\/21\/2020ko-ibilgailuen-gaineko-zergaren-ordain-agiriak\/#breadcrumb","itemListElement":[{"@type":"ListItem","position":1,"name":"Home","item":"http:\/\/www.oitz.org\/es\/"},{"@type":"ListItem","position":2,"name":"Recibos del Impuesto de veh\u00edculos de tracci\u00f3n mec\u00e1nica 2020"}]},{"@type":"WebSite","@id":"http:\/\/www.oitz.org\/es\/#website","url":"http:\/\/www.oitz.org\/es\/","name":"Ayuntamiento de Oitz","description":"Sitio web del Ayuntamiento de Oitz \/ Oizko Udala","potentialAction":[{"@type":"SearchAction","target":{"@type":"EntryPoint","urlTemplate":"http:\/\/www.oitz.org\/es\/?s={search_term_string}"},"query-input":{"@type":"PropertyValueSpecification","valueRequired":true,"valueName":"search_term_string"}}],"inLanguage":"es"},{"@type":"Person","@id":"http:\/\/www.oitz.org\/#\/schema\/person\/b8c8fa1afa5521599a21f1bf80387633","name":"meulate","image":{"@type":"ImageObject","inLanguage":"es","@id":"http:\/\/www.oitz.org\/es\/#\/schema\/person\/image\/","url":"https:\/\/secure.gravatar.com\/avatar\/462c3e5ff3788ef8091b80866846e1cea270cc69d6e8adc8db840b403b79ea4f?s=96&d=mm&r=g","contentUrl":"https:\/\/secure.gravatar.com\/avatar\/462c3e5ff3788ef8091b80866846e1cea270cc69d6e8adc8db840b403b79ea4f?s=96&d=mm&r=g","caption":"meulate"},"url":"http:\/\/www.oitz.org\/es\/author\/meulate\/"}]}},"_links":{"self":[{"href":"http:\/\/www.oitz.org\/es\/wp-json\/wp\/v2\/posts\/7572","targetHints":{"allow":["GET"]}}],"collection":[{"href":"http:\/\/www.oitz.org\/es\/wp-json\/wp\/v2\/posts"}],"about":[{"href":"http:\/\/www.oitz.org\/es\/wp-json\/wp\/v2\/types\/post"}],"author":[{"embeddable":true,"href":"http:\/\/www.oitz.org\/es\/wp-json\/wp\/v2\/users\/19041"}],"replies":[{"embeddable":true,"href":"http:\/\/www.oitz.org\/es\/wp-json\/wp\/v2\/comments?post=7572"}],"version-history":[{"count":3,"href":"http:\/\/www.oitz.org\/es\/wp-json\/wp\/v2\/posts\/7572\/revisions"}],"predecessor-version":[{"id":7575,"href":"http:\/\/www.oitz.org\/es\/wp-json\/wp\/v2\/posts\/7572\/revisions\/7575"}],"wp:attachment":[{"href":"http:\/\/www.oitz.org\/es\/wp-json\/wp\/v2\/media?parent=7572"}],"wp:term":[{"taxonomy":"category","embeddable":true,"href":"http:\/\/www.oitz.org\/es\/wp-json\/wp\/v2\/categories?post=7572"},{"taxonomy":"post_tag","embeddable":true,"href":"http:\/\/www.oitz.org\/es\/wp-json\/wp\/v2\/tags?post=7572"}],"curies":[{"name":"wp","href":"https:\/\/api.w.org\/{rel}","templated":true}]}}