{"id":7587,"date":"2020-05-19T12:51:09","date_gmt":"2020-05-19T12:51:09","guid":{"rendered":"http:\/\/www.oitz.org\/?p=7587"},"modified":"2020-05-19T12:51:18","modified_gmt":"2020-05-19T12:51:18","slug":"2019ko-kontuen-onespena-erakusketa-publikoa","status":"publish","type":"post","link":"http:\/\/www.oitz.org\/es\/2020\/05\/19\/2019ko-kontuen-onespena-erakusketa-publikoa\/","title":{"rendered":"Cuentas 2019. Exposici\u00f3n p\u00fablica."},"content":{"rendered":"<p>Conforme a lo dispuesto en el art\u00edculo 242.3 de la Ley Foral 2\/1995, de Haciendas Locales de Navarra, se hace p\u00fablico, que el Ayuntamiento de Oitz, en sesi\u00f3n de la Comisi\u00f3n de cuentas celebrada el d\u00eda 12 de mayo de 2020, ha informado favorablemente la Cuenta General de ejecuci\u00f3n del presupuesto del ejercicio 2019, quedando expuestas al p\u00fablico por plazo de quince d\u00edas h\u00e1biles, desde la publicaci\u00f3n de \u00e9ste anuncio en el Tab\u00f3n\u00a0de\u00a0anuncios digital del Ayuntamiento, durante el cual los interesados podr\u00e1n presentar reclamaciones, reparos u observaciones.<\/p>\n<p>Oiz, 19 de mayo de 2020.\u2013 El Alcalde, Ugutz Zelaieta Fern\u00e1ndez.<\/p>","protected":false},"excerpt":{"rendered":"<p>Conforme a lo dispuesto en el art\u00edculo 242.3 de la Ley Foral 2\/1995, de Haciendas Locales de Navarra, se hace p\u00fablico, que el Ayuntamiento de Oitz, en sesi\u00f3n de la Comisi\u00f3n de cuentas celebrada el d\u00eda 12 de mayo de&hellip; <\/p>\n","protected":false},"author":19041,"featured_media":0,"comment_status":"closed","ping_status":"closed","sticky":false,"template":"","format":"standard","meta":{"_monsterinsights_skip_tracking":false,"_monsterinsights_sitenote_active":false,"_monsterinsights_sitenote_note":"","_monsterinsights_sitenote_category":0,"footnotes":""},"categories":[1],"tags":[],"class_list":["post-7587","post","type-post","status-publish","format-standard","hentry","category-noticias"],"yoast_head":"<!-- This site is optimized with the Yoast SEO plugin v26.8 - https:\/\/yoast.com\/product\/yoast-seo-wordpress\/ -->\r\n<title>Cuentas 2019. Exposici\u00f3n p\u00fablica. - Ayuntamiento de Oitz<\/title>\r\n<meta name=\"robots\" content=\"index, follow, max-snippet:-1, max-image-preview:large, max-video-preview:-1\" \/>\r\n<link rel=\"canonical\" href=\"http:\/\/www.oitz.org\/es\/2020\/05\/19\/2019ko-kontuen-onespena-erakusketa-publikoa\/\" \/>\r\n<meta property=\"og:locale\" content=\"es_ES\" \/>\r\n<meta property=\"og:type\" content=\"article\" \/>\r\n<meta property=\"og:title\" content=\"Cuentas 2019. Exposici\u00f3n p\u00fablica. - Ayuntamiento de Oitz\" \/>\r\n<meta property=\"og:description\" content=\"Conforme a lo dispuesto en el art\u00edculo 242.3 de la Ley Foral 2\/1995, de Haciendas Locales de Navarra, se hace p\u00fablico, que el Ayuntamiento de Oitz, en sesi\u00f3n de la Comisi\u00f3n de cuentas celebrada el d\u00eda 12 de mayo de&hellip;\" \/>\r\n<meta property=\"og:url\" content=\"http:\/\/www.oitz.org\/es\/2020\/05\/19\/2019ko-kontuen-onespena-erakusketa-publikoa\/\" \/>\r\n<meta property=\"og:site_name\" content=\"Ayuntamiento de Oitz\" \/>\r\n<meta property=\"article:published_time\" content=\"2020-05-19T12:51:09+00:00\" \/>\r\n<meta property=\"article:modified_time\" content=\"2020-05-19T12:51:18+00:00\" \/>\r\n<meta name=\"author\" content=\"meulate\" \/>\r\n<meta name=\"twitter:card\" content=\"summary_large_image\" \/>\r\n<meta name=\"twitter:label1\" content=\"Escrito por\" \/>\n\t<meta name=\"twitter:data1\" content=\"meulate\" \/>\n\t<meta name=\"twitter:label2\" content=\"Tiempo de lectura\" \/>\n\t<meta name=\"twitter:data2\" content=\"1 minuto\" \/>\r\n<script type=\"application\/ld+json\" class=\"yoast-schema-graph\">{\"@context\":\"https:\/\/schema.org\",\"@graph\":[{\"@type\":\"Article\",\"@id\":\"http:\/\/www.oitz.org\/2020\/05\/19\/2019ko-kontuen-onespena-erakusketa-publikoa\/#article\",\"isPartOf\":{\"@id\":\"http:\/\/www.oitz.org\/2020\/05\/19\/2019ko-kontuen-onespena-erakusketa-publikoa\/\"},\"author\":{\"name\":\"meulate\",\"@id\":\"http:\/\/www.oitz.org\/#\/schema\/person\/b8c8fa1afa5521599a21f1bf80387633\"},\"headline\":\"Cuentas 2019. Exposici\u00f3n p\u00fablica.\",\"datePublished\":\"2020-05-19T12:51:09+00:00\",\"dateModified\":\"2020-05-19T12:51:18+00:00\",\"mainEntityOfPage\":{\"@id\":\"http:\/\/www.oitz.org\/2020\/05\/19\/2019ko-kontuen-onespena-erakusketa-publikoa\/\"},\"wordCount\":174,\"articleSection\":[\"Noticias\"],\"inLanguage\":\"es\"},{\"@type\":\"WebPage\",\"@id\":\"http:\/\/www.oitz.org\/es\/2020\/05\/19\/2019ko-kontuen-onespena-erakusketa-publikoa\/\",\"url\":\"http:\/\/www.oitz.org\/es\/2020\/05\/19\/2019ko-kontuen-onespena-erakusketa-publikoa\/\",\"name\":\"Cuentas 2019. Exposici\u00f3n p\u00fablica. - Ayuntamiento de Oitz\",\"isPartOf\":{\"@id\":\"http:\/\/www.oitz.org\/es\/#website\"},\"datePublished\":\"2020-05-19T12:51:09+00:00\",\"dateModified\":\"2020-05-19T12:51:18+00:00\",\"author\":{\"@id\":\"http:\/\/www.oitz.org\/#\/schema\/person\/b8c8fa1afa5521599a21f1bf80387633\"},\"breadcrumb\":{\"@id\":\"http:\/\/www.oitz.org\/es\/2020\/05\/19\/2019ko-kontuen-onespena-erakusketa-publikoa\/#breadcrumb\"},\"inLanguage\":\"es\",\"potentialAction\":[{\"@type\":\"ReadAction\",\"target\":[[\"http:\/\/www.oitz.org\/es\/2020\/05\/19\/2019ko-kontuen-onespena-erakusketa-publikoa\/\"]]}]},{\"@type\":\"BreadcrumbList\",\"@id\":\"http:\/\/www.oitz.org\/es\/2020\/05\/19\/2019ko-kontuen-onespena-erakusketa-publikoa\/#breadcrumb\",\"itemListElement\":[{\"@type\":\"ListItem\",\"position\":1,\"name\":\"Home\",\"item\":\"http:\/\/www.oitz.org\/es\/\"},{\"@type\":\"ListItem\",\"position\":2,\"name\":\"2019ko kontuen onespena. Erakusketa publikoa.\"}]},{\"@type\":\"WebSite\",\"@id\":\"http:\/\/www.oitz.org\/es\/#website\",\"url\":\"http:\/\/www.oitz.org\/es\/\",\"name\":\"Ayuntamiento de Oitz\",\"description\":\"Sitio web del Ayuntamiento de Oitz \/ Oizko Udala\",\"potentialAction\":[{\"@type\":\"SearchAction\",\"target\":{\"@type\":\"EntryPoint\",\"urlTemplate\":\"http:\/\/www.oitz.org\/es\/?s={search_term_string}\"},\"query-input\":{\"@type\":\"PropertyValueSpecification\",\"valueRequired\":true,\"valueName\":\"search_term_string\"}}],\"inLanguage\":\"es\"},{\"@type\":\"Person\",\"@id\":\"http:\/\/www.oitz.org\/#\/schema\/person\/b8c8fa1afa5521599a21f1bf80387633\",\"name\":\"meulate\",\"image\":{\"@type\":\"ImageObject\",\"inLanguage\":\"es\",\"@id\":\"http:\/\/www.oitz.org\/es\/#\/schema\/person\/image\/\",\"url\":\"https:\/\/secure.gravatar.com\/avatar\/462c3e5ff3788ef8091b80866846e1cea270cc69d6e8adc8db840b403b79ea4f?s=96&d=mm&r=g\",\"contentUrl\":\"https:\/\/secure.gravatar.com\/avatar\/462c3e5ff3788ef8091b80866846e1cea270cc69d6e8adc8db840b403b79ea4f?s=96&d=mm&r=g\",\"caption\":\"meulate\"},\"url\":\"http:\/\/www.oitz.org\/es\/author\/meulate\/\"}]}<\/script>\r\n<!-- \/ Yoast SEO plugin. -->","yoast_head_json":{"title":"Cuentas 2019. Exposici\u00f3n p\u00fablica. - Ayuntamiento de Oitz","robots":{"index":"index","follow":"follow","max-snippet":"max-snippet:-1","max-image-preview":"max-image-preview:large","max-video-preview":"max-video-preview:-1"},"canonical":"http:\/\/www.oitz.org\/es\/2020\/05\/19\/2019ko-kontuen-onespena-erakusketa-publikoa\/","og_locale":"es_ES","og_type":"article","og_title":"Cuentas 2019. Exposici\u00f3n p\u00fablica. - Ayuntamiento de Oitz","og_description":"Conforme a lo dispuesto en el art\u00edculo 242.3 de la Ley Foral 2\/1995, de Haciendas Locales de Navarra, se hace p\u00fablico, que el Ayuntamiento de Oitz, en sesi\u00f3n de la Comisi\u00f3n de cuentas celebrada el d\u00eda 12 de mayo de&hellip;","og_url":"http:\/\/www.oitz.org\/es\/2020\/05\/19\/2019ko-kontuen-onespena-erakusketa-publikoa\/","og_site_name":"Ayuntamiento de Oitz","article_published_time":"2020-05-19T12:51:09+00:00","article_modified_time":"2020-05-19T12:51:18+00:00","author":"meulate","twitter_card":"summary_large_image","twitter_misc":{"Escrito por":"meulate","Tiempo de lectura":"1 minuto"},"schema":{"@context":"https:\/\/schema.org","@graph":[{"@type":"Article","@id":"http:\/\/www.oitz.org\/2020\/05\/19\/2019ko-kontuen-onespena-erakusketa-publikoa\/#article","isPartOf":{"@id":"http:\/\/www.oitz.org\/2020\/05\/19\/2019ko-kontuen-onespena-erakusketa-publikoa\/"},"author":{"name":"meulate","@id":"http:\/\/www.oitz.org\/#\/schema\/person\/b8c8fa1afa5521599a21f1bf80387633"},"headline":"Cuentas 2019. Exposici\u00f3n p\u00fablica.","datePublished":"2020-05-19T12:51:09+00:00","dateModified":"2020-05-19T12:51:18+00:00","mainEntityOfPage":{"@id":"http:\/\/www.oitz.org\/2020\/05\/19\/2019ko-kontuen-onespena-erakusketa-publikoa\/"},"wordCount":174,"articleSection":["Noticias"],"inLanguage":"es"},{"@type":"WebPage","@id":"http:\/\/www.oitz.org\/es\/2020\/05\/19\/2019ko-kontuen-onespena-erakusketa-publikoa\/","url":"http:\/\/www.oitz.org\/es\/2020\/05\/19\/2019ko-kontuen-onespena-erakusketa-publikoa\/","name":"Cuentas 2019. Exposici\u00f3n p\u00fablica. - Ayuntamiento de Oitz","isPartOf":{"@id":"http:\/\/www.oitz.org\/es\/#website"},"datePublished":"2020-05-19T12:51:09+00:00","dateModified":"2020-05-19T12:51:18+00:00","author":{"@id":"http:\/\/www.oitz.org\/#\/schema\/person\/b8c8fa1afa5521599a21f1bf80387633"},"breadcrumb":{"@id":"http:\/\/www.oitz.org\/es\/2020\/05\/19\/2019ko-kontuen-onespena-erakusketa-publikoa\/#breadcrumb"},"inLanguage":"es","potentialAction":[{"@type":"ReadAction","target":[["http:\/\/www.oitz.org\/es\/2020\/05\/19\/2019ko-kontuen-onespena-erakusketa-publikoa\/"]]}]},{"@type":"BreadcrumbList","@id":"http:\/\/www.oitz.org\/es\/2020\/05\/19\/2019ko-kontuen-onespena-erakusketa-publikoa\/#breadcrumb","itemListElement":[{"@type":"ListItem","position":1,"name":"Home","item":"http:\/\/www.oitz.org\/es\/"},{"@type":"ListItem","position":2,"name":"2019ko kontuen onespena. Erakusketa publikoa."}]},{"@type":"WebSite","@id":"http:\/\/www.oitz.org\/es\/#website","url":"http:\/\/www.oitz.org\/es\/","name":"Ayuntamiento de Oitz","description":"Sitio web del Ayuntamiento de Oitz \/ Oizko Udala","potentialAction":[{"@type":"SearchAction","target":{"@type":"EntryPoint","urlTemplate":"http:\/\/www.oitz.org\/es\/?s={search_term_string}"},"query-input":{"@type":"PropertyValueSpecification","valueRequired":true,"valueName":"search_term_string"}}],"inLanguage":"es"},{"@type":"Person","@id":"http:\/\/www.oitz.org\/#\/schema\/person\/b8c8fa1afa5521599a21f1bf80387633","name":"meulate","image":{"@type":"ImageObject","inLanguage":"es","@id":"http:\/\/www.oitz.org\/es\/#\/schema\/person\/image\/","url":"https:\/\/secure.gravatar.com\/avatar\/462c3e5ff3788ef8091b80866846e1cea270cc69d6e8adc8db840b403b79ea4f?s=96&d=mm&r=g","contentUrl":"https:\/\/secure.gravatar.com\/avatar\/462c3e5ff3788ef8091b80866846e1cea270cc69d6e8adc8db840b403b79ea4f?s=96&d=mm&r=g","caption":"meulate"},"url":"http:\/\/www.oitz.org\/es\/author\/meulate\/"}]}},"_links":{"self":[{"href":"http:\/\/www.oitz.org\/es\/wp-json\/wp\/v2\/posts\/7587","targetHints":{"allow":["GET"]}}],"collection":[{"href":"http:\/\/www.oitz.org\/es\/wp-json\/wp\/v2\/posts"}],"about":[{"href":"http:\/\/www.oitz.org\/es\/wp-json\/wp\/v2\/types\/post"}],"author":[{"embeddable":true,"href":"http:\/\/www.oitz.org\/es\/wp-json\/wp\/v2\/users\/19041"}],"replies":[{"embeddable":true,"href":"http:\/\/www.oitz.org\/es\/wp-json\/wp\/v2\/comments?post=7587"}],"version-history":[{"count":1,"href":"http:\/\/www.oitz.org\/es\/wp-json\/wp\/v2\/posts\/7587\/revisions"}],"predecessor-version":[{"id":7588,"href":"http:\/\/www.oitz.org\/es\/wp-json\/wp\/v2\/posts\/7587\/revisions\/7588"}],"wp:attachment":[{"href":"http:\/\/www.oitz.org\/es\/wp-json\/wp\/v2\/media?parent=7587"}],"wp:term":[{"taxonomy":"category","embeddable":true,"href":"http:\/\/www.oitz.org\/es\/wp-json\/wp\/v2\/categories?post=7587"},{"taxonomy":"post_tag","embeddable":true,"href":"http:\/\/www.oitz.org\/es\/wp-json\/wp\/v2\/tags?post=7587"}],"curies":[{"name":"wp","href":"https:\/\/api.w.org\/{rel}","templated":true}]}}