{"id":7594,"date":"2020-06-09T12:29:42","date_gmt":"2020-06-09T12:29:42","guid":{"rendered":"http:\/\/www.oitz.org\/?p=7594"},"modified":"2020-06-09T12:29:56","modified_gmt":"2020-06-09T12:29:56","slug":"alkate-eta-zinegotzien-ordainsaria","status":"publish","type":"post","link":"http:\/\/www.oitz.org\/es\/2020\/06\/09\/alkate-eta-zinegotzien-ordainsaria\/","title":{"rendered":"Retribuci\u00f3n de corporativos"},"content":{"rendered":"<p>Dada cuenta de lo dispuesto en el art\u00edculo 75 de la Ley de bases de R\u00e9gimen Local, en el art\u00edculo 13 del Reglamento de Organizaci\u00f3n, Funcionamiento y R\u00e9gimen Jur\u00eddico de las Corporaciones Locales, respecto a la dedicaci\u00f3n y retribuciones de los miembros de las Corporaciones Locales, y en el art\u00edculo 13 de la Ley Foral 18\/2017 de 27 de diciembre.<\/p>\n<p>De conformidad con todo lo anteriormente expuesto, la corporaci\u00f3n de Oiz, en pleno celebrado con fecha de 19 de diciembre de 2019, con la mayor\u00eda legalmente exigida:<\/p>\n<p>1.\u2013Establecer las siguientes retribuciones de los miembros de la Corporaci\u00f3n, por su dedicaci\u00f3n al cargo:<\/p>\n<p>\u2013Alcald\u00eda y concejales:<\/p>\n<p>El Ayuntamiento pagar\u00e1 como retribuci\u00f3n por dedicaci\u00f3n al cargo de alcalde y concejales, la cuant\u00eda que le corresponda de reparto del Fondo de Participaci\u00f3n de las Haciendas Locales en los Tributos de Navarra, repartido conforme a la dedicaci\u00f3n de cada cargo. A esta cantidad se aplicar\u00e1 la retenci\u00f3n que legalmente correspondan en concepto de Impuesto sobre la Renta de las Personas F\u00edsicas.<\/p>\n<p>2.\u2013Los miembros de la Corporaci\u00f3n tendr\u00e1n derecho a percibir indemnizaciones por los gastos efectivos ocasionados en el ejercicio del cargo, siempre que sean debidamente autorizados y justificados. En los viajes se aplicar\u00e1n las cuant\u00edas que se establezca cada a\u00f1o en materia retributiva para el personal al servicio de la Administraci\u00f3n P\u00fablica.<\/p>\n<p>3.\u2013Publicar este acuerdo en el Bolet\u00edn Oficial de Navarra y tabl\u00f3n Municipal.<\/p>\n<p>Oiz, 3 de junio de 2020.\u2013 El Alcalde, Ugutz Zelaieta Fern\u00e1ndez.<\/p>","protected":false},"excerpt":{"rendered":"<p>Dada cuenta de lo dispuesto en el art\u00edculo 75 de la Ley de bases de R\u00e9gimen Local, en el art\u00edculo 13 del Reglamento de Organizaci\u00f3n, Funcionamiento y R\u00e9gimen Jur\u00eddico de las Corporaciones Locales, respecto a la dedicaci\u00f3n y retribuciones de&hellip; <\/p>\n","protected":false},"author":19041,"featured_media":0,"comment_status":"closed","ping_status":"closed","sticky":false,"template":"","format":"standard","meta":{"_monsterinsights_skip_tracking":false,"_monsterinsights_sitenote_active":false,"_monsterinsights_sitenote_note":"","_monsterinsights_sitenote_category":0,"footnotes":""},"categories":[1],"tags":[],"class_list":["post-7594","post","type-post","status-publish","format-standard","hentry","category-noticias"],"yoast_head":"<!-- This site is optimized with the Yoast SEO plugin v26.8 - https:\/\/yoast.com\/product\/yoast-seo-wordpress\/ -->\r\n<title>Retribuci\u00f3n de corporativos - Ayuntamiento de Oitz<\/title>\r\n<meta name=\"robots\" content=\"index, follow, max-snippet:-1, max-image-preview:large, max-video-preview:-1\" \/>\r\n<link rel=\"canonical\" href=\"http:\/\/www.oitz.org\/es\/2020\/06\/09\/alkate-eta-zinegotzien-ordainsaria\/\" \/>\r\n<meta property=\"og:locale\" content=\"es_ES\" \/>\r\n<meta property=\"og:type\" content=\"article\" \/>\r\n<meta property=\"og:title\" content=\"Retribuci\u00f3n de corporativos - Ayuntamiento de Oitz\" \/>\r\n<meta property=\"og:description\" content=\"Dada cuenta de lo dispuesto en el art\u00edculo 75 de la Ley de bases de R\u00e9gimen Local, en el art\u00edculo 13 del Reglamento de Organizaci\u00f3n, Funcionamiento y R\u00e9gimen Jur\u00eddico de las Corporaciones Locales, respecto a la dedicaci\u00f3n y retribuciones de&hellip;\" \/>\r\n<meta property=\"og:url\" content=\"http:\/\/www.oitz.org\/es\/2020\/06\/09\/alkate-eta-zinegotzien-ordainsaria\/\" \/>\r\n<meta property=\"og:site_name\" content=\"Ayuntamiento de Oitz\" \/>\r\n<meta property=\"article:published_time\" content=\"2020-06-09T12:29:42+00:00\" \/>\r\n<meta property=\"article:modified_time\" content=\"2020-06-09T12:29:56+00:00\" \/>\r\n<meta name=\"author\" content=\"meulate\" \/>\r\n<meta name=\"twitter:card\" content=\"summary_large_image\" \/>\r\n<meta name=\"twitter:label1\" content=\"Escrito por\" \/>\n\t<meta name=\"twitter:data1\" content=\"meulate\" \/>\n\t<meta name=\"twitter:label2\" content=\"Tiempo de lectura\" \/>\n\t<meta name=\"twitter:data2\" content=\"2 minutos\" \/>\r\n<script type=\"application\/ld+json\" class=\"yoast-schema-graph\">{\"@context\":\"https:\/\/schema.org\",\"@graph\":[{\"@type\":\"Article\",\"@id\":\"http:\/\/www.oitz.org\/es\/2020\/06\/09\/alkate-eta-zinegotzien-ordainsaria\/#article\",\"isPartOf\":{\"@id\":\"http:\/\/www.oitz.org\/es\/2020\/06\/09\/alkate-eta-zinegotzien-ordainsaria\/\"},\"author\":{\"name\":\"meulate\",\"@id\":\"http:\/\/www.oitz.org\/#\/schema\/person\/b8c8fa1afa5521599a21f1bf80387633\"},\"headline\":\"Retribuci\u00f3n de corporativos\",\"datePublished\":\"2020-06-09T12:29:42+00:00\",\"dateModified\":\"2020-06-09T12:29:56+00:00\",\"mainEntityOfPage\":{\"@id\":\"http:\/\/www.oitz.org\/es\/2020\/06\/09\/alkate-eta-zinegotzien-ordainsaria\/\"},\"wordCount\":419,\"articleSection\":[\"Noticias\"],\"inLanguage\":\"es\"},{\"@type\":\"WebPage\",\"@id\":\"http:\/\/www.oitz.org\/es\/2020\/06\/09\/alkate-eta-zinegotzien-ordainsaria\/\",\"url\":\"http:\/\/www.oitz.org\/es\/2020\/06\/09\/alkate-eta-zinegotzien-ordainsaria\/\",\"name\":\"Retribuci\u00f3n de corporativos - Ayuntamiento de Oitz\",\"isPartOf\":{\"@id\":\"http:\/\/www.oitz.org\/es\/#website\"},\"datePublished\":\"2020-06-09T12:29:42+00:00\",\"dateModified\":\"2020-06-09T12:29:56+00:00\",\"author\":{\"@id\":\"http:\/\/www.oitz.org\/#\/schema\/person\/b8c8fa1afa5521599a21f1bf80387633\"},\"breadcrumb\":{\"@id\":\"http:\/\/www.oitz.org\/es\/2020\/06\/09\/alkate-eta-zinegotzien-ordainsaria\/#breadcrumb\"},\"inLanguage\":\"es\",\"potentialAction\":[{\"@type\":\"ReadAction\",\"target\":[[\"http:\/\/www.oitz.org\/es\/2020\/06\/09\/alkate-eta-zinegotzien-ordainsaria\/\"]]}]},{\"@type\":\"BreadcrumbList\",\"@id\":\"http:\/\/www.oitz.org\/es\/2020\/06\/09\/alkate-eta-zinegotzien-ordainsaria\/#breadcrumb\",\"itemListElement\":[{\"@type\":\"ListItem\",\"position\":1,\"name\":\"Home\",\"item\":\"http:\/\/www.oitz.org\/es\/\"},{\"@type\":\"ListItem\",\"position\":2,\"name\":\"Retribuci\u00f3n de corporativos\"}]},{\"@type\":\"WebSite\",\"@id\":\"http:\/\/www.oitz.org\/es\/#website\",\"url\":\"http:\/\/www.oitz.org\/es\/\",\"name\":\"Ayuntamiento de Oitz\",\"description\":\"Sitio web del Ayuntamiento de Oitz \/ Oizko Udala\",\"potentialAction\":[{\"@type\":\"SearchAction\",\"target\":{\"@type\":\"EntryPoint\",\"urlTemplate\":\"http:\/\/www.oitz.org\/es\/?s={search_term_string}\"},\"query-input\":{\"@type\":\"PropertyValueSpecification\",\"valueRequired\":true,\"valueName\":\"search_term_string\"}}],\"inLanguage\":\"es\"},{\"@type\":\"Person\",\"@id\":\"http:\/\/www.oitz.org\/#\/schema\/person\/b8c8fa1afa5521599a21f1bf80387633\",\"name\":\"meulate\",\"image\":{\"@type\":\"ImageObject\",\"inLanguage\":\"es\",\"@id\":\"http:\/\/www.oitz.org\/es\/#\/schema\/person\/image\/\",\"url\":\"https:\/\/secure.gravatar.com\/avatar\/462c3e5ff3788ef8091b80866846e1cea270cc69d6e8adc8db840b403b79ea4f?s=96&d=mm&r=g\",\"contentUrl\":\"https:\/\/secure.gravatar.com\/avatar\/462c3e5ff3788ef8091b80866846e1cea270cc69d6e8adc8db840b403b79ea4f?s=96&d=mm&r=g\",\"caption\":\"meulate\"},\"url\":\"http:\/\/www.oitz.org\/es\/author\/meulate\/\"}]}<\/script>\r\n<!-- \/ Yoast SEO plugin. -->","yoast_head_json":{"title":"Retribuci\u00f3n de corporativos - Ayuntamiento de Oitz","robots":{"index":"index","follow":"follow","max-snippet":"max-snippet:-1","max-image-preview":"max-image-preview:large","max-video-preview":"max-video-preview:-1"},"canonical":"http:\/\/www.oitz.org\/es\/2020\/06\/09\/alkate-eta-zinegotzien-ordainsaria\/","og_locale":"es_ES","og_type":"article","og_title":"Retribuci\u00f3n de corporativos - Ayuntamiento de Oitz","og_description":"Dada cuenta de lo dispuesto en el art\u00edculo 75 de la Ley de bases de R\u00e9gimen Local, en el art\u00edculo 13 del Reglamento de Organizaci\u00f3n, Funcionamiento y R\u00e9gimen Jur\u00eddico de las Corporaciones Locales, respecto a la dedicaci\u00f3n y retribuciones de&hellip;","og_url":"http:\/\/www.oitz.org\/es\/2020\/06\/09\/alkate-eta-zinegotzien-ordainsaria\/","og_site_name":"Ayuntamiento de Oitz","article_published_time":"2020-06-09T12:29:42+00:00","article_modified_time":"2020-06-09T12:29:56+00:00","author":"meulate","twitter_card":"summary_large_image","twitter_misc":{"Escrito por":"meulate","Tiempo de lectura":"2 minutos"},"schema":{"@context":"https:\/\/schema.org","@graph":[{"@type":"Article","@id":"http:\/\/www.oitz.org\/es\/2020\/06\/09\/alkate-eta-zinegotzien-ordainsaria\/#article","isPartOf":{"@id":"http:\/\/www.oitz.org\/es\/2020\/06\/09\/alkate-eta-zinegotzien-ordainsaria\/"},"author":{"name":"meulate","@id":"http:\/\/www.oitz.org\/#\/schema\/person\/b8c8fa1afa5521599a21f1bf80387633"},"headline":"Retribuci\u00f3n de corporativos","datePublished":"2020-06-09T12:29:42+00:00","dateModified":"2020-06-09T12:29:56+00:00","mainEntityOfPage":{"@id":"http:\/\/www.oitz.org\/es\/2020\/06\/09\/alkate-eta-zinegotzien-ordainsaria\/"},"wordCount":419,"articleSection":["Noticias"],"inLanguage":"es"},{"@type":"WebPage","@id":"http:\/\/www.oitz.org\/es\/2020\/06\/09\/alkate-eta-zinegotzien-ordainsaria\/","url":"http:\/\/www.oitz.org\/es\/2020\/06\/09\/alkate-eta-zinegotzien-ordainsaria\/","name":"Retribuci\u00f3n de corporativos - Ayuntamiento de Oitz","isPartOf":{"@id":"http:\/\/www.oitz.org\/es\/#website"},"datePublished":"2020-06-09T12:29:42+00:00","dateModified":"2020-06-09T12:29:56+00:00","author":{"@id":"http:\/\/www.oitz.org\/#\/schema\/person\/b8c8fa1afa5521599a21f1bf80387633"},"breadcrumb":{"@id":"http:\/\/www.oitz.org\/es\/2020\/06\/09\/alkate-eta-zinegotzien-ordainsaria\/#breadcrumb"},"inLanguage":"es","potentialAction":[{"@type":"ReadAction","target":[["http:\/\/www.oitz.org\/es\/2020\/06\/09\/alkate-eta-zinegotzien-ordainsaria\/"]]}]},{"@type":"BreadcrumbList","@id":"http:\/\/www.oitz.org\/es\/2020\/06\/09\/alkate-eta-zinegotzien-ordainsaria\/#breadcrumb","itemListElement":[{"@type":"ListItem","position":1,"name":"Home","item":"http:\/\/www.oitz.org\/es\/"},{"@type":"ListItem","position":2,"name":"Retribuci\u00f3n de corporativos"}]},{"@type":"WebSite","@id":"http:\/\/www.oitz.org\/es\/#website","url":"http:\/\/www.oitz.org\/es\/","name":"Ayuntamiento de Oitz","description":"Sitio web del Ayuntamiento de Oitz \/ Oizko Udala","potentialAction":[{"@type":"SearchAction","target":{"@type":"EntryPoint","urlTemplate":"http:\/\/www.oitz.org\/es\/?s={search_term_string}"},"query-input":{"@type":"PropertyValueSpecification","valueRequired":true,"valueName":"search_term_string"}}],"inLanguage":"es"},{"@type":"Person","@id":"http:\/\/www.oitz.org\/#\/schema\/person\/b8c8fa1afa5521599a21f1bf80387633","name":"meulate","image":{"@type":"ImageObject","inLanguage":"es","@id":"http:\/\/www.oitz.org\/es\/#\/schema\/person\/image\/","url":"https:\/\/secure.gravatar.com\/avatar\/462c3e5ff3788ef8091b80866846e1cea270cc69d6e8adc8db840b403b79ea4f?s=96&d=mm&r=g","contentUrl":"https:\/\/secure.gravatar.com\/avatar\/462c3e5ff3788ef8091b80866846e1cea270cc69d6e8adc8db840b403b79ea4f?s=96&d=mm&r=g","caption":"meulate"},"url":"http:\/\/www.oitz.org\/es\/author\/meulate\/"}]}},"_links":{"self":[{"href":"http:\/\/www.oitz.org\/es\/wp-json\/wp\/v2\/posts\/7594","targetHints":{"allow":["GET"]}}],"collection":[{"href":"http:\/\/www.oitz.org\/es\/wp-json\/wp\/v2\/posts"}],"about":[{"href":"http:\/\/www.oitz.org\/es\/wp-json\/wp\/v2\/types\/post"}],"author":[{"embeddable":true,"href":"http:\/\/www.oitz.org\/es\/wp-json\/wp\/v2\/users\/19041"}],"replies":[{"embeddable":true,"href":"http:\/\/www.oitz.org\/es\/wp-json\/wp\/v2\/comments?post=7594"}],"version-history":[{"count":1,"href":"http:\/\/www.oitz.org\/es\/wp-json\/wp\/v2\/posts\/7594\/revisions"}],"predecessor-version":[{"id":7595,"href":"http:\/\/www.oitz.org\/es\/wp-json\/wp\/v2\/posts\/7594\/revisions\/7595"}],"wp:attachment":[{"href":"http:\/\/www.oitz.org\/es\/wp-json\/wp\/v2\/media?parent=7594"}],"wp:term":[{"taxonomy":"category","embeddable":true,"href":"http:\/\/www.oitz.org\/es\/wp-json\/wp\/v2\/categories?post=7594"},{"taxonomy":"post_tag","embeddable":true,"href":"http:\/\/www.oitz.org\/es\/wp-json\/wp\/v2\/tags?post=7594"}],"curies":[{"name":"wp","href":"https:\/\/api.w.org\/{rel}","templated":true}]}}