{"id":7596,"date":"2020-06-09T12:37:21","date_gmt":"2020-06-09T12:37:21","guid":{"rendered":"http:\/\/www.oitz.org\/?p=7596"},"modified":"2020-06-09T12:37:36","modified_gmt":"2020-06-09T12:37:36","slug":"ordenantza-administrazio-elektronikoa-arautzen-duena-hasierako-onespena","status":"publish","type":"post","link":"http:\/\/www.oitz.org\/es\/2020\/06\/09\/ordenantza-administrazio-elektronikoa-arautzen-duena-hasierako-onespena\/","title":{"rendered":"Aprobaci\u00f3n inicial de la Ordenanza reguladora de la administraci\u00f3n electr\u00f3nica"},"content":{"rendered":"<p><\/p>\n<p class=\"foral-f-parrafo-c\" style=\"margin: 0px 0px 1em;color: #333333;text-indent: 0px;letter-spacing: normal;font-family: 'Open Sans';font-size: 14px;font-style: normal;font-weight: 400;background-color: #ffffff\">El Pleno del Ayuntamiento de Oiz, en sesi\u00f3n celebrada el d\u00eda 12 de mayo de 2020, aprob\u00f3 inicialmente la Ordenanza reguladora de la Administraci\u00f3n electr\u00f3nica.<\/p>\n<p class=\"foral-f-parrafo-c\" style=\"margin: 0px 0px 1em;color: #333333;text-indent: 0px;letter-spacing: normal;font-family: 'Open Sans';font-size: 14px;font-style: normal;font-weight: 400;background-color: #ffffff\">De conformidad con lo dispuesto en el art\u00edculo 325.1 de la Ley Foral 6\/1990, de 2 de julio, de la Administraci\u00f3n Local de Navarra, la Ordenanza aprobada se somete a informaci\u00f3n p\u00fablica durante treinta d\u00edas h\u00e1biles, a contar desde el siguiente al de publicaci\u00f3n de este anuncio en el Bolet\u00edn Oficial de Navarra, para que las personas interesadas puedan examinar el expediente y formular reclamaciones, reparos u observaciones.<\/p>\n<p class=\"foral-f-parrafo-3lineas-t5-c\" style=\"margin: 0px 0px 1em;color: #333333;text-indent: 0px;letter-spacing: normal;font-family: 'Open Sans';font-size: 14px;font-style: normal;font-weight: 400;background-color: #ffffff\">Si transcurrido el per\u00edodo de exposici\u00f3n p\u00fablica no se formularan alegaciones, la Ordenanza quedar\u00e1 definitivamente aprobada, procedi\u00e9ndose a la publicaci\u00f3n de su texto \u00edntegro en el Bolet\u00edn Oficial de Navarra.<\/p>\n<p class=\"foral-f-parrafo-3lineas-t5-c\" style=\"margin: 0px 0px 1em;color: #333333;text-indent: 0px;letter-spacing: normal;font-family: 'Open Sans';font-size: 14px;font-style: normal;font-weight: 400;background-color: #ffffff\">Oiz, 5 de junio de 2020.\u2013El Alcalde, Ugutz Zelaieta Fern\u00e1ndez.<\/p>\n<p><\/p>","protected":false},"excerpt":{"rendered":"<p>El Pleno del Ayuntamiento de Oiz, en sesi\u00f3n celebrada el d\u00eda 12 de mayo de 2020, aprob\u00f3 inicialmente la Ordenanza reguladora de la Administraci\u00f3n electr\u00f3nica. De conformidad con lo dispuesto en el art\u00edculo 325.1 de la Ley Foral 6\/1990, de&hellip; <\/p>\n","protected":false},"author":19041,"featured_media":0,"comment_status":"closed","ping_status":"closed","sticky":false,"template":"","format":"standard","meta":{"_monsterinsights_skip_tracking":false,"_monsterinsights_sitenote_active":false,"_monsterinsights_sitenote_note":"","_monsterinsights_sitenote_category":0,"footnotes":""},"categories":[1],"tags":[],"class_list":["post-7596","post","type-post","status-publish","format-standard","hentry","category-noticias"],"yoast_head":"<!-- This site is optimized with the Yoast SEO plugin v26.8 - https:\/\/yoast.com\/product\/yoast-seo-wordpress\/ -->\r\n<title>Aprobaci\u00f3n inicial de la Ordenanza reguladora de la administraci\u00f3n electr\u00f3nica - Ayuntamiento de Oitz<\/title>\r\n<meta name=\"robots\" content=\"index, follow, max-snippet:-1, max-image-preview:large, max-video-preview:-1\" \/>\r\n<link rel=\"canonical\" href=\"http:\/\/www.oitz.org\/es\/2020\/06\/09\/ordenantza-administrazio-elektronikoa-arautzen-duena-hasierako-onespena\/\" \/>\r\n<meta property=\"og:locale\" content=\"es_ES\" \/>\r\n<meta property=\"og:type\" content=\"article\" \/>\r\n<meta property=\"og:title\" content=\"Aprobaci\u00f3n inicial de la Ordenanza reguladora de la administraci\u00f3n electr\u00f3nica - Ayuntamiento de Oitz\" \/>\r\n<meta property=\"og:description\" content=\"El Pleno del Ayuntamiento de Oiz, en sesi\u00f3n celebrada el d\u00eda 12 de mayo de 2020, aprob\u00f3 inicialmente la Ordenanza reguladora de la Administraci\u00f3n electr\u00f3nica. De conformidad con lo dispuesto en el art\u00edculo 325.1 de la Ley Foral 6\/1990, de&hellip;\" \/>\r\n<meta property=\"og:url\" content=\"http:\/\/www.oitz.org\/es\/2020\/06\/09\/ordenantza-administrazio-elektronikoa-arautzen-duena-hasierako-onespena\/\" \/>\r\n<meta property=\"og:site_name\" content=\"Ayuntamiento de Oitz\" \/>\r\n<meta property=\"article:published_time\" content=\"2020-06-09T12:37:21+00:00\" \/>\r\n<meta property=\"article:modified_time\" content=\"2020-06-09T12:37:36+00:00\" \/>\r\n<meta name=\"author\" content=\"meulate\" \/>\r\n<meta name=\"twitter:card\" content=\"summary_large_image\" \/>\r\n<meta name=\"twitter:label1\" content=\"Escrito por\" \/>\n\t<meta name=\"twitter:data1\" content=\"meulate\" \/>\n\t<meta name=\"twitter:label2\" content=\"Tiempo de lectura\" \/>\n\t<meta name=\"twitter:data2\" content=\"1 minuto\" \/>\r\n<script type=\"application\/ld+json\" class=\"yoast-schema-graph\">{\"@context\":\"https:\/\/schema.org\",\"@graph\":[{\"@type\":\"Article\",\"@id\":\"http:\/\/www.oitz.org\/2020\/06\/09\/ordenantza-administrazio-elektronikoa-arautzen-duena-hasierako-onespena\/#article\",\"isPartOf\":{\"@id\":\"http:\/\/www.oitz.org\/2020\/06\/09\/ordenantza-administrazio-elektronikoa-arautzen-duena-hasierako-onespena\/\"},\"author\":{\"name\":\"meulate\",\"@id\":\"http:\/\/www.oitz.org\/#\/schema\/person\/b8c8fa1afa5521599a21f1bf80387633\"},\"headline\":\"Aprobaci\u00f3n inicial de la Ordenanza reguladora de la administraci\u00f3n electr\u00f3nica\",\"datePublished\":\"2020-06-09T12:37:21+00:00\",\"dateModified\":\"2020-06-09T12:37:36+00:00\",\"mainEntityOfPage\":{\"@id\":\"http:\/\/www.oitz.org\/2020\/06\/09\/ordenantza-administrazio-elektronikoa-arautzen-duena-hasierako-onespena\/\"},\"wordCount\":260,\"articleSection\":[\"Noticias\"],\"inLanguage\":\"es\"},{\"@type\":\"WebPage\",\"@id\":\"http:\/\/www.oitz.org\/es\/2020\/06\/09\/ordenantza-administrazio-elektronikoa-arautzen-duena-hasierako-onespena\/\",\"url\":\"http:\/\/www.oitz.org\/es\/2020\/06\/09\/ordenantza-administrazio-elektronikoa-arautzen-duena-hasierako-onespena\/\",\"name\":\"Aprobaci\u00f3n inicial de la Ordenanza reguladora de la administraci\u00f3n electr\u00f3nica - Ayuntamiento de Oitz\",\"isPartOf\":{\"@id\":\"http:\/\/www.oitz.org\/es\/#website\"},\"datePublished\":\"2020-06-09T12:37:21+00:00\",\"dateModified\":\"2020-06-09T12:37:36+00:00\",\"author\":{\"@id\":\"http:\/\/www.oitz.org\/#\/schema\/person\/b8c8fa1afa5521599a21f1bf80387633\"},\"breadcrumb\":{\"@id\":\"http:\/\/www.oitz.org\/es\/2020\/06\/09\/ordenantza-administrazio-elektronikoa-arautzen-duena-hasierako-onespena\/#breadcrumb\"},\"inLanguage\":\"es\",\"potentialAction\":[{\"@type\":\"ReadAction\",\"target\":[[\"http:\/\/www.oitz.org\/es\/2020\/06\/09\/ordenantza-administrazio-elektronikoa-arautzen-duena-hasierako-onespena\/\"]]}]},{\"@type\":\"BreadcrumbList\",\"@id\":\"http:\/\/www.oitz.org\/es\/2020\/06\/09\/ordenantza-administrazio-elektronikoa-arautzen-duena-hasierako-onespena\/#breadcrumb\",\"itemListElement\":[{\"@type\":\"ListItem\",\"position\":1,\"name\":\"Home\",\"item\":\"http:\/\/www.oitz.org\/es\/\"},{\"@type\":\"ListItem\",\"position\":2,\"name\":\"Ordenantza, Administrazio elektronikoa arautzen duena. Hasierako onespena.\"}]},{\"@type\":\"WebSite\",\"@id\":\"http:\/\/www.oitz.org\/es\/#website\",\"url\":\"http:\/\/www.oitz.org\/es\/\",\"name\":\"Ayuntamiento de Oitz\",\"description\":\"Sitio web del Ayuntamiento de Oitz \/ Oizko Udala\",\"potentialAction\":[{\"@type\":\"SearchAction\",\"target\":{\"@type\":\"EntryPoint\",\"urlTemplate\":\"http:\/\/www.oitz.org\/es\/?s={search_term_string}\"},\"query-input\":{\"@type\":\"PropertyValueSpecification\",\"valueRequired\":true,\"valueName\":\"search_term_string\"}}],\"inLanguage\":\"es\"},{\"@type\":\"Person\",\"@id\":\"http:\/\/www.oitz.org\/#\/schema\/person\/b8c8fa1afa5521599a21f1bf80387633\",\"name\":\"meulate\",\"image\":{\"@type\":\"ImageObject\",\"inLanguage\":\"es\",\"@id\":\"http:\/\/www.oitz.org\/es\/#\/schema\/person\/image\/\",\"url\":\"https:\/\/secure.gravatar.com\/avatar\/462c3e5ff3788ef8091b80866846e1cea270cc69d6e8adc8db840b403b79ea4f?s=96&d=mm&r=g\",\"contentUrl\":\"https:\/\/secure.gravatar.com\/avatar\/462c3e5ff3788ef8091b80866846e1cea270cc69d6e8adc8db840b403b79ea4f?s=96&d=mm&r=g\",\"caption\":\"meulate\"},\"url\":\"http:\/\/www.oitz.org\/es\/author\/meulate\/\"}]}<\/script>\r\n<!-- \/ Yoast SEO plugin. -->","yoast_head_json":{"title":"Aprobaci\u00f3n inicial de la Ordenanza reguladora de la administraci\u00f3n electr\u00f3nica - Ayuntamiento de Oitz","robots":{"index":"index","follow":"follow","max-snippet":"max-snippet:-1","max-image-preview":"max-image-preview:large","max-video-preview":"max-video-preview:-1"},"canonical":"http:\/\/www.oitz.org\/es\/2020\/06\/09\/ordenantza-administrazio-elektronikoa-arautzen-duena-hasierako-onespena\/","og_locale":"es_ES","og_type":"article","og_title":"Aprobaci\u00f3n inicial de la Ordenanza reguladora de la administraci\u00f3n electr\u00f3nica - Ayuntamiento de Oitz","og_description":"El Pleno del Ayuntamiento de Oiz, en sesi\u00f3n celebrada el d\u00eda 12 de mayo de 2020, aprob\u00f3 inicialmente la Ordenanza reguladora de la Administraci\u00f3n electr\u00f3nica. De conformidad con lo dispuesto en el art\u00edculo 325.1 de la Ley Foral 6\/1990, de&hellip;","og_url":"http:\/\/www.oitz.org\/es\/2020\/06\/09\/ordenantza-administrazio-elektronikoa-arautzen-duena-hasierako-onespena\/","og_site_name":"Ayuntamiento de Oitz","article_published_time":"2020-06-09T12:37:21+00:00","article_modified_time":"2020-06-09T12:37:36+00:00","author":"meulate","twitter_card":"summary_large_image","twitter_misc":{"Escrito por":"meulate","Tiempo de lectura":"1 minuto"},"schema":{"@context":"https:\/\/schema.org","@graph":[{"@type":"Article","@id":"http:\/\/www.oitz.org\/2020\/06\/09\/ordenantza-administrazio-elektronikoa-arautzen-duena-hasierako-onespena\/#article","isPartOf":{"@id":"http:\/\/www.oitz.org\/2020\/06\/09\/ordenantza-administrazio-elektronikoa-arautzen-duena-hasierako-onespena\/"},"author":{"name":"meulate","@id":"http:\/\/www.oitz.org\/#\/schema\/person\/b8c8fa1afa5521599a21f1bf80387633"},"headline":"Aprobaci\u00f3n inicial de la Ordenanza reguladora de la administraci\u00f3n electr\u00f3nica","datePublished":"2020-06-09T12:37:21+00:00","dateModified":"2020-06-09T12:37:36+00:00","mainEntityOfPage":{"@id":"http:\/\/www.oitz.org\/2020\/06\/09\/ordenantza-administrazio-elektronikoa-arautzen-duena-hasierako-onespena\/"},"wordCount":260,"articleSection":["Noticias"],"inLanguage":"es"},{"@type":"WebPage","@id":"http:\/\/www.oitz.org\/es\/2020\/06\/09\/ordenantza-administrazio-elektronikoa-arautzen-duena-hasierako-onespena\/","url":"http:\/\/www.oitz.org\/es\/2020\/06\/09\/ordenantza-administrazio-elektronikoa-arautzen-duena-hasierako-onespena\/","name":"Aprobaci\u00f3n inicial de la Ordenanza reguladora de la administraci\u00f3n electr\u00f3nica - Ayuntamiento de Oitz","isPartOf":{"@id":"http:\/\/www.oitz.org\/es\/#website"},"datePublished":"2020-06-09T12:37:21+00:00","dateModified":"2020-06-09T12:37:36+00:00","author":{"@id":"http:\/\/www.oitz.org\/#\/schema\/person\/b8c8fa1afa5521599a21f1bf80387633"},"breadcrumb":{"@id":"http:\/\/www.oitz.org\/es\/2020\/06\/09\/ordenantza-administrazio-elektronikoa-arautzen-duena-hasierako-onespena\/#breadcrumb"},"inLanguage":"es","potentialAction":[{"@type":"ReadAction","target":[["http:\/\/www.oitz.org\/es\/2020\/06\/09\/ordenantza-administrazio-elektronikoa-arautzen-duena-hasierako-onespena\/"]]}]},{"@type":"BreadcrumbList","@id":"http:\/\/www.oitz.org\/es\/2020\/06\/09\/ordenantza-administrazio-elektronikoa-arautzen-duena-hasierako-onespena\/#breadcrumb","itemListElement":[{"@type":"ListItem","position":1,"name":"Home","item":"http:\/\/www.oitz.org\/es\/"},{"@type":"ListItem","position":2,"name":"Ordenantza, Administrazio elektronikoa arautzen duena. Hasierako onespena."}]},{"@type":"WebSite","@id":"http:\/\/www.oitz.org\/es\/#website","url":"http:\/\/www.oitz.org\/es\/","name":"Ayuntamiento de Oitz","description":"Sitio web del Ayuntamiento de Oitz \/ Oizko Udala","potentialAction":[{"@type":"SearchAction","target":{"@type":"EntryPoint","urlTemplate":"http:\/\/www.oitz.org\/es\/?s={search_term_string}"},"query-input":{"@type":"PropertyValueSpecification","valueRequired":true,"valueName":"search_term_string"}}],"inLanguage":"es"},{"@type":"Person","@id":"http:\/\/www.oitz.org\/#\/schema\/person\/b8c8fa1afa5521599a21f1bf80387633","name":"meulate","image":{"@type":"ImageObject","inLanguage":"es","@id":"http:\/\/www.oitz.org\/es\/#\/schema\/person\/image\/","url":"https:\/\/secure.gravatar.com\/avatar\/462c3e5ff3788ef8091b80866846e1cea270cc69d6e8adc8db840b403b79ea4f?s=96&d=mm&r=g","contentUrl":"https:\/\/secure.gravatar.com\/avatar\/462c3e5ff3788ef8091b80866846e1cea270cc69d6e8adc8db840b403b79ea4f?s=96&d=mm&r=g","caption":"meulate"},"url":"http:\/\/www.oitz.org\/es\/author\/meulate\/"}]}},"_links":{"self":[{"href":"http:\/\/www.oitz.org\/es\/wp-json\/wp\/v2\/posts\/7596","targetHints":{"allow":["GET"]}}],"collection":[{"href":"http:\/\/www.oitz.org\/es\/wp-json\/wp\/v2\/posts"}],"about":[{"href":"http:\/\/www.oitz.org\/es\/wp-json\/wp\/v2\/types\/post"}],"author":[{"embeddable":true,"href":"http:\/\/www.oitz.org\/es\/wp-json\/wp\/v2\/users\/19041"}],"replies":[{"embeddable":true,"href":"http:\/\/www.oitz.org\/es\/wp-json\/wp\/v2\/comments?post=7596"}],"version-history":[{"count":1,"href":"http:\/\/www.oitz.org\/es\/wp-json\/wp\/v2\/posts\/7596\/revisions"}],"predecessor-version":[{"id":7597,"href":"http:\/\/www.oitz.org\/es\/wp-json\/wp\/v2\/posts\/7596\/revisions\/7597"}],"wp:attachment":[{"href":"http:\/\/www.oitz.org\/es\/wp-json\/wp\/v2\/media?parent=7596"}],"wp:term":[{"taxonomy":"category","embeddable":true,"href":"http:\/\/www.oitz.org\/es\/wp-json\/wp\/v2\/categories?post=7596"},{"taxonomy":"post_tag","embeddable":true,"href":"http:\/\/www.oitz.org\/es\/wp-json\/wp\/v2\/tags?post=7596"}],"curies":[{"name":"wp","href":"https:\/\/api.w.org\/{rel}","templated":true}]}}