{"id":8005,"date":"2022-09-15T12:29:29","date_gmt":"2022-09-15T12:29:29","guid":{"rendered":"http:\/\/www.oitz.org\/?p=8005"},"modified":"2022-09-15T12:29:29","modified_gmt":"2022-09-15T12:29:29","slug":"euskara-ikasleentzako-diru-laguntza","status":"publish","type":"post","link":"http:\/\/www.oitz.org\/es\/2022\/09\/15\/euskara-ikasleentzako-diru-laguntza\/","title":{"rendered":"SUBVENCI\u00d3N PARA ESTUDIANTES ADULTOS DE EUSKERA"},"content":{"rendered":"<p>&nbsp;<\/p>\n<p>&nbsp;<\/p>\n<table style=\"border-collapse: collapse;width: 100%\" border=\"1\">\n<tbody>\n<tr>\n<td style=\"width: 100%;text-align: center\"><strong><span style=\"color: #000000\">BANDO<\/span><\/strong><\/td>\n<\/tr>\n<\/tbody>\n<\/table>\n<p>&nbsp;<\/p>\n<p><strong>SUBVENCI\u00d3N PARA ESTUDIANTES ADULTOS DE EUSKERA <\/strong><\/p>\n<p><strong>\u00a0<\/strong><\/p>\n<p>La Mancomunidad de Malerreka ofrece ayudas econ\u00f3micas a personas mayores de 16 a\u00f1os que hayan aprendido euskera el <strong>curso 2021-22<\/strong>.<\/p>\n<p>La subvenci\u00f3n se conceder\u00e1 <strong>seg\u00fan la asistencia<\/strong> a clase:<\/p>\n<p>&nbsp;<\/p>\n<table>\n<tbody>\n<tr>\n<td width=\"110\"><strong>Asistencia<\/strong><\/td>\n<td width=\"268\"><strong>Subvenci\u00f3n<\/strong><\/td>\n<\/tr>\n<tr>\n<td width=\"110\">%86-100<\/td>\n<td width=\"268\">100% de la matr\u00edcula<\/td>\n<\/tr>\n<tr>\n<td width=\"110\">%70-85<\/td>\n<td width=\"268\">75% de la matr\u00edcula<\/td>\n<\/tr>\n<tr>\n<td width=\"110\">%0-69<\/td>\n<td width=\"268\">No se podr\u00e1 cobrar subvenci\u00f3n<\/td>\n<\/tr>\n<\/tbody>\n<\/table>\n<p><strong>\u00a0<\/strong><\/p>\n<p><strong>Plazo de entrega de la documentaci\u00f3n:<\/strong> 1 de septiembre \u2013 4 de octubre<\/p>\n<p><strong>M\u00e1s informaci\u00f3n:<\/strong><\/p>\n<p><a href=\"http:\/\/WWW.MALERREKA.EUS\">WWW.MALERREKA.EUS<\/a><\/p>\n<p>948 451 746 \/ <a href=\"mailto:euskarazerbitzua@malerreka.eus\">euskarazerbitzua@malerreka.eus<\/a><\/p>\n<p><strong>\u00a0 \u00a0 \u00a0 \u00a0 \u00a0 \u00a0 \u00a0 \u00a0 \u00a0 \u00a0 \u00a0 \u00a0 \u00a0 \u00a0 \u00a0 \u00a0 \u00a0 \u00a0 \u00a0 \u00a0 \u00a0 \u00a0 \u00a0 \u00a0 \u00a0 \u00a0 \u00a0 \u00a0 EL ALCALDE<\/strong><\/p>\n<p>Jaime Urroz Tellechea<img loading=\"lazy\" decoding=\"async\" class=\"wp-image-8007 alignleft\" src=\"http:\/\/www.oitz.org\/wp-content\/uploads\/sites\/34\/2022\/09\/oiz1.jpg\" alt=\"\" width=\"169\" height=\"161\" \/><\/p>\n<p>&nbsp;<\/p>\n<p>&nbsp;<\/p>","protected":false},"excerpt":{"rendered":"<p>&nbsp; &nbsp; BANDO &nbsp; SUBVENCI\u00d3N PARA ESTUDIANTES ADULTOS DE EUSKERA \u00a0 La Mancomunidad de Malerreka ofrece ayudas econ\u00f3micas a personas mayores de 16 a\u00f1os que hayan aprendido euskera el curso 2021-22. La subvenci\u00f3n se conceder\u00e1 seg\u00fan la asistencia a clase:&hellip; <\/p>\n","protected":false},"author":19181,"featured_media":0,"comment_status":"closed","ping_status":"closed","sticky":false,"template":"","format":"standard","meta":{"_monsterinsights_skip_tracking":false,"_monsterinsights_sitenote_active":false,"_monsterinsights_sitenote_note":"","_monsterinsights_sitenote_category":0,"footnotes":""},"categories":[1],"tags":[],"class_list":["post-8005","post","type-post","status-publish","format-standard","hentry","category-noticias"],"yoast_head":"<!-- This site is optimized with the Yoast SEO plugin v26.8 - https:\/\/yoast.com\/product\/yoast-seo-wordpress\/ -->\r\n<title>SUBVENCI\u00d3N PARA ESTUDIANTES ADULTOS DE EUSKERA - Ayuntamiento de Oitz<\/title>\r\n<meta name=\"robots\" content=\"index, follow, max-snippet:-1, max-image-preview:large, max-video-preview:-1\" \/>\r\n<link rel=\"canonical\" href=\"http:\/\/www.oitz.org\/es\/2022\/09\/15\/euskara-ikasleentzako-diru-laguntza\/\" \/>\r\n<meta property=\"og:locale\" content=\"es_ES\" \/>\r\n<meta property=\"og:type\" content=\"article\" \/>\r\n<meta property=\"og:title\" content=\"SUBVENCI\u00d3N PARA ESTUDIANTES ADULTOS DE EUSKERA - Ayuntamiento de Oitz\" \/>\r\n<meta property=\"og:description\" content=\"&nbsp; &nbsp; BANDO &nbsp; SUBVENCI\u00d3N PARA ESTUDIANTES ADULTOS DE EUSKERA \u00a0 La Mancomunidad de Malerreka ofrece ayudas econ\u00f3micas a personas mayores de 16 a\u00f1os que hayan aprendido euskera el curso 2021-22. La subvenci\u00f3n se conceder\u00e1 seg\u00fan la asistencia a clase:&hellip;\" \/>\r\n<meta property=\"og:url\" content=\"http:\/\/www.oitz.org\/es\/2022\/09\/15\/euskara-ikasleentzako-diru-laguntza\/\" \/>\r\n<meta property=\"og:site_name\" content=\"Ayuntamiento de Oitz\" \/>\r\n<meta property=\"article:published_time\" content=\"2022-09-15T12:29:29+00:00\" \/>\r\n<meta property=\"og:image\" content=\"http:\/\/www.oitz.org\/wp-content\/uploads\/sites\/34\/2022\/09\/oiz1.jpg\" \/>\r\n<meta name=\"author\" content=\"eerasunp\" \/>\r\n<meta name=\"twitter:card\" content=\"summary_large_image\" \/>\r\n<meta name=\"twitter:label1\" content=\"Escrito por\" \/>\n\t<meta name=\"twitter:data1\" content=\"eerasunp\" \/>\n\t<meta name=\"twitter:label2\" content=\"Tiempo de lectura\" \/>\n\t<meta name=\"twitter:data2\" content=\"1 minuto\" \/>\r\n<script type=\"application\/ld+json\" class=\"yoast-schema-graph\">{\"@context\":\"https:\/\/schema.org\",\"@graph\":[{\"@type\":\"Article\",\"@id\":\"http:\/\/www.oitz.org\/2022\/09\/15\/euskara-ikasleentzako-diru-laguntza\/#article\",\"isPartOf\":{\"@id\":\"http:\/\/www.oitz.org\/2022\/09\/15\/euskara-ikasleentzako-diru-laguntza\/\"},\"author\":{\"name\":\"eerasunp\",\"@id\":\"http:\/\/www.oitz.org\/#\/schema\/person\/f43d210901884a49896a307142c78a6a\"},\"headline\":\"SUBVENCI\u00d3N PARA ESTUDIANTES ADULTOS DE EUSKERA\",\"datePublished\":\"2022-09-15T12:29:29+00:00\",\"mainEntityOfPage\":{\"@id\":\"http:\/\/www.oitz.org\/2022\/09\/15\/euskara-ikasleentzako-diru-laguntza\/\"},\"wordCount\":160,\"image\":{\"@id\":\"http:\/\/www.oitz.org\/2022\/09\/15\/euskara-ikasleentzako-diru-laguntza\/#primaryimage\"},\"thumbnailUrl\":\"http:\/\/www.oitz.org\/wp-content\/uploads\/sites\/34\/2022\/09\/oiz1.jpg\",\"articleSection\":[\"Noticias\"],\"inLanguage\":\"es\"},{\"@type\":\"WebPage\",\"@id\":\"http:\/\/www.oitz.org\/es\/2022\/09\/15\/euskara-ikasleentzako-diru-laguntza\/\",\"url\":\"http:\/\/www.oitz.org\/es\/2022\/09\/15\/euskara-ikasleentzako-diru-laguntza\/\",\"name\":\"SUBVENCI\u00d3N PARA ESTUDIANTES ADULTOS DE EUSKERA - Ayuntamiento de Oitz\",\"isPartOf\":{\"@id\":\"http:\/\/www.oitz.org\/es\/#website\"},\"primaryImageOfPage\":{\"@id\":\"http:\/\/www.oitz.org\/es\/2022\/09\/15\/euskara-ikasleentzako-diru-laguntza\/#primaryimage\"},\"image\":{\"@id\":\"http:\/\/www.oitz.org\/2022\/09\/15\/euskara-ikasleentzako-diru-laguntza\/#primaryimage\"},\"thumbnailUrl\":\"http:\/\/www.oitz.org\/wp-content\/uploads\/sites\/34\/2022\/09\/oiz1.jpg\",\"datePublished\":\"2022-09-15T12:29:29+00:00\",\"author\":{\"@id\":\"http:\/\/www.oitz.org\/#\/schema\/person\/f43d210901884a49896a307142c78a6a\"},\"breadcrumb\":{\"@id\":\"http:\/\/www.oitz.org\/es\/2022\/09\/15\/euskara-ikasleentzako-diru-laguntza\/#breadcrumb\"},\"inLanguage\":\"es\",\"potentialAction\":[{\"@type\":\"ReadAction\",\"target\":[[\"http:\/\/www.oitz.org\/es\/2022\/09\/15\/euskara-ikasleentzako-diru-laguntza\/\"]]}]},{\"@type\":\"ImageObject\",\"inLanguage\":\"es\",\"@id\":\"http:\/\/www.oitz.org\/es\/2022\/09\/15\/euskara-ikasleentzako-diru-laguntza\/#primaryimage\",\"url\":\"http:\/\/www.oitz.org\/wp-content\/uploads\/sites\/34\/2022\/09\/oiz1.jpg\",\"contentUrl\":\"http:\/\/www.oitz.org\/wp-content\/uploads\/sites\/34\/2022\/09\/oiz1.jpg\"},{\"@type\":\"BreadcrumbList\",\"@id\":\"http:\/\/www.oitz.org\/es\/2022\/09\/15\/euskara-ikasleentzako-diru-laguntza\/#breadcrumb\",\"itemListElement\":[{\"@type\":\"ListItem\",\"position\":1,\"name\":\"Home\",\"item\":\"http:\/\/www.oitz.org\/es\/\"},{\"@type\":\"ListItem\",\"position\":2,\"name\":\"SUBVENCI\u00d3N PARA ESTUDIANTES ADULTOS DE EUSKERA\"}]},{\"@type\":\"WebSite\",\"@id\":\"http:\/\/www.oitz.org\/es\/#website\",\"url\":\"http:\/\/www.oitz.org\/es\/\",\"name\":\"Ayuntamiento de Oitz\",\"description\":\"Sitio web del Ayuntamiento de Oitz \/ Oizko Udala\",\"potentialAction\":[{\"@type\":\"SearchAction\",\"target\":{\"@type\":\"EntryPoint\",\"urlTemplate\":\"http:\/\/www.oitz.org\/es\/?s={search_term_string}\"},\"query-input\":{\"@type\":\"PropertyValueSpecification\",\"valueRequired\":true,\"valueName\":\"search_term_string\"}}],\"inLanguage\":\"es\"},{\"@type\":\"Person\",\"@id\":\"http:\/\/www.oitz.org\/#\/schema\/person\/f43d210901884a49896a307142c78a6a\",\"name\":\"eerasunp\",\"image\":{\"@type\":\"ImageObject\",\"inLanguage\":\"es\",\"@id\":\"http:\/\/www.oitz.org\/es\/#\/schema\/person\/image\/\",\"url\":\"https:\/\/secure.gravatar.com\/avatar\/a1619fdb8a0a04489bbc633c635ac572b36ec43127e53da9db3a3efc4bfec52b?s=96&d=mm&r=g\",\"contentUrl\":\"https:\/\/secure.gravatar.com\/avatar\/a1619fdb8a0a04489bbc633c635ac572b36ec43127e53da9db3a3efc4bfec52b?s=96&d=mm&r=g\",\"caption\":\"eerasunp\"},\"url\":\"http:\/\/www.oitz.org\/es\/author\/eerasunp\/\"}]}<\/script>\r\n<!-- \/ Yoast SEO plugin. -->","yoast_head_json":{"title":"SUBVENCI\u00d3N PARA ESTUDIANTES ADULTOS DE EUSKERA - Ayuntamiento de Oitz","robots":{"index":"index","follow":"follow","max-snippet":"max-snippet:-1","max-image-preview":"max-image-preview:large","max-video-preview":"max-video-preview:-1"},"canonical":"http:\/\/www.oitz.org\/es\/2022\/09\/15\/euskara-ikasleentzako-diru-laguntza\/","og_locale":"es_ES","og_type":"article","og_title":"SUBVENCI\u00d3N PARA ESTUDIANTES ADULTOS DE EUSKERA - Ayuntamiento de Oitz","og_description":"&nbsp; &nbsp; BANDO &nbsp; SUBVENCI\u00d3N PARA ESTUDIANTES ADULTOS DE EUSKERA \u00a0 La Mancomunidad de Malerreka ofrece ayudas econ\u00f3micas a personas mayores de 16 a\u00f1os que hayan aprendido euskera el curso 2021-22. La subvenci\u00f3n se conceder\u00e1 seg\u00fan la asistencia a clase:&hellip;","og_url":"http:\/\/www.oitz.org\/es\/2022\/09\/15\/euskara-ikasleentzako-diru-laguntza\/","og_site_name":"Ayuntamiento de Oitz","article_published_time":"2022-09-15T12:29:29+00:00","og_image":[{"url":"http:\/\/www.oitz.org\/wp-content\/uploads\/sites\/34\/2022\/09\/oiz1.jpg","type":"","width":"","height":""}],"author":"eerasunp","twitter_card":"summary_large_image","twitter_misc":{"Escrito por":"eerasunp","Tiempo de lectura":"1 minuto"},"schema":{"@context":"https:\/\/schema.org","@graph":[{"@type":"Article","@id":"http:\/\/www.oitz.org\/2022\/09\/15\/euskara-ikasleentzako-diru-laguntza\/#article","isPartOf":{"@id":"http:\/\/www.oitz.org\/2022\/09\/15\/euskara-ikasleentzako-diru-laguntza\/"},"author":{"name":"eerasunp","@id":"http:\/\/www.oitz.org\/#\/schema\/person\/f43d210901884a49896a307142c78a6a"},"headline":"SUBVENCI\u00d3N PARA ESTUDIANTES ADULTOS DE EUSKERA","datePublished":"2022-09-15T12:29:29+00:00","mainEntityOfPage":{"@id":"http:\/\/www.oitz.org\/2022\/09\/15\/euskara-ikasleentzako-diru-laguntza\/"},"wordCount":160,"image":{"@id":"http:\/\/www.oitz.org\/2022\/09\/15\/euskara-ikasleentzako-diru-laguntza\/#primaryimage"},"thumbnailUrl":"http:\/\/www.oitz.org\/wp-content\/uploads\/sites\/34\/2022\/09\/oiz1.jpg","articleSection":["Noticias"],"inLanguage":"es"},{"@type":"WebPage","@id":"http:\/\/www.oitz.org\/es\/2022\/09\/15\/euskara-ikasleentzako-diru-laguntza\/","url":"http:\/\/www.oitz.org\/es\/2022\/09\/15\/euskara-ikasleentzako-diru-laguntza\/","name":"SUBVENCI\u00d3N PARA ESTUDIANTES ADULTOS DE EUSKERA - Ayuntamiento de Oitz","isPartOf":{"@id":"http:\/\/www.oitz.org\/es\/#website"},"primaryImageOfPage":{"@id":"http:\/\/www.oitz.org\/es\/2022\/09\/15\/euskara-ikasleentzako-diru-laguntza\/#primaryimage"},"image":{"@id":"http:\/\/www.oitz.org\/2022\/09\/15\/euskara-ikasleentzako-diru-laguntza\/#primaryimage"},"thumbnailUrl":"http:\/\/www.oitz.org\/wp-content\/uploads\/sites\/34\/2022\/09\/oiz1.jpg","datePublished":"2022-09-15T12:29:29+00:00","author":{"@id":"http:\/\/www.oitz.org\/#\/schema\/person\/f43d210901884a49896a307142c78a6a"},"breadcrumb":{"@id":"http:\/\/www.oitz.org\/es\/2022\/09\/15\/euskara-ikasleentzako-diru-laguntza\/#breadcrumb"},"inLanguage":"es","potentialAction":[{"@type":"ReadAction","target":[["http:\/\/www.oitz.org\/es\/2022\/09\/15\/euskara-ikasleentzako-diru-laguntza\/"]]}]},{"@type":"ImageObject","inLanguage":"es","@id":"http:\/\/www.oitz.org\/es\/2022\/09\/15\/euskara-ikasleentzako-diru-laguntza\/#primaryimage","url":"http:\/\/www.oitz.org\/wp-content\/uploads\/sites\/34\/2022\/09\/oiz1.jpg","contentUrl":"http:\/\/www.oitz.org\/wp-content\/uploads\/sites\/34\/2022\/09\/oiz1.jpg"},{"@type":"BreadcrumbList","@id":"http:\/\/www.oitz.org\/es\/2022\/09\/15\/euskara-ikasleentzako-diru-laguntza\/#breadcrumb","itemListElement":[{"@type":"ListItem","position":1,"name":"Home","item":"http:\/\/www.oitz.org\/es\/"},{"@type":"ListItem","position":2,"name":"SUBVENCI\u00d3N PARA ESTUDIANTES ADULTOS DE EUSKERA"}]},{"@type":"WebSite","@id":"http:\/\/www.oitz.org\/es\/#website","url":"http:\/\/www.oitz.org\/es\/","name":"Ayuntamiento de Oitz","description":"Sitio web del Ayuntamiento de Oitz \/ Oizko Udala","potentialAction":[{"@type":"SearchAction","target":{"@type":"EntryPoint","urlTemplate":"http:\/\/www.oitz.org\/es\/?s={search_term_string}"},"query-input":{"@type":"PropertyValueSpecification","valueRequired":true,"valueName":"search_term_string"}}],"inLanguage":"es"},{"@type":"Person","@id":"http:\/\/www.oitz.org\/#\/schema\/person\/f43d210901884a49896a307142c78a6a","name":"eerasunp","image":{"@type":"ImageObject","inLanguage":"es","@id":"http:\/\/www.oitz.org\/es\/#\/schema\/person\/image\/","url":"https:\/\/secure.gravatar.com\/avatar\/a1619fdb8a0a04489bbc633c635ac572b36ec43127e53da9db3a3efc4bfec52b?s=96&d=mm&r=g","contentUrl":"https:\/\/secure.gravatar.com\/avatar\/a1619fdb8a0a04489bbc633c635ac572b36ec43127e53da9db3a3efc4bfec52b?s=96&d=mm&r=g","caption":"eerasunp"},"url":"http:\/\/www.oitz.org\/es\/author\/eerasunp\/"}]}},"_links":{"self":[{"href":"http:\/\/www.oitz.org\/es\/wp-json\/wp\/v2\/posts\/8005","targetHints":{"allow":["GET"]}}],"collection":[{"href":"http:\/\/www.oitz.org\/es\/wp-json\/wp\/v2\/posts"}],"about":[{"href":"http:\/\/www.oitz.org\/es\/wp-json\/wp\/v2\/types\/post"}],"author":[{"embeddable":true,"href":"http:\/\/www.oitz.org\/es\/wp-json\/wp\/v2\/users\/19181"}],"replies":[{"embeddable":true,"href":"http:\/\/www.oitz.org\/es\/wp-json\/wp\/v2\/comments?post=8005"}],"version-history":[{"count":8,"href":"http:\/\/www.oitz.org\/es\/wp-json\/wp\/v2\/posts\/8005\/revisions"}],"predecessor-version":[{"id":8015,"href":"http:\/\/www.oitz.org\/es\/wp-json\/wp\/v2\/posts\/8005\/revisions\/8015"}],"wp:attachment":[{"href":"http:\/\/www.oitz.org\/es\/wp-json\/wp\/v2\/media?parent=8005"}],"wp:term":[{"taxonomy":"category","embeddable":true,"href":"http:\/\/www.oitz.org\/es\/wp-json\/wp\/v2\/categories?post=8005"},{"taxonomy":"post_tag","embeddable":true,"href":"http:\/\/www.oitz.org\/es\/wp-json\/wp\/v2\/tags?post=8005"}],"curies":[{"name":"wp","href":"https:\/\/api.w.org\/{rel}","templated":true}]}}