{"id":8076,"date":"2023-03-21T13:10:20","date_gmt":"2023-03-21T13:10:20","guid":{"rendered":"http:\/\/www.oitz.org\/?p=8076"},"modified":"2023-03-21T13:11:10","modified_gmt":"2023-03-21T13:11:10","slug":"idazkari-kontu-hartzaile-lanpostu-deialdia","status":"publish","type":"post","link":"http:\/\/www.oitz.org\/es\/2023\/03\/21\/idazkari-kontu-hartzaile-lanpostu-deialdia\/","title":{"rendered":"CONVOCATORIA: PUESTO SECRETARIA\/O-INTERVENTORA\/O"},"content":{"rendered":"<p><\/p>\n<table>\n<tbody>\n<tr>\n<td>\n<table>\n<tbody>\n<tr>\n<td>Es objeto de la presente convocatoria la contrataci\u00f3n temporal en r\u00e9gimen administrativo, mediante el sistema de concurso-oposici\u00f3n de una plaza de secretario\/a-interventor\/a\u00a0 con destino a la Agrupaci\u00f3n de Ayuntamientos de Oiz, Urroz, Beintza-Labaien y Donamaria, y la creaci\u00f3n de un abolsa de empleo para futuras necesidades.<\/td>\n<\/tr>\n<\/tbody>\n<\/table>\n<p><strong>Plazo de presentaci\u00f3n de las instancias hasta el 28 de marzo de 2023<\/strong><\/td>\n<\/tr>\n<\/tbody>\n<\/table>\n<p>BASES DE LA CONVOCATORIA: <a href=\"http:\/\/www.oitz.org\/wp-content\/uploads\/sites\/34\/2023\/03\/Resolucion-3-2023-CONDICIONADO-PARA-CUBRIR-TEMPORALMENTE-Y-EN-REGIMEN-ADMINISTRATIVO-LA-PLAZA-DE-SECRETARIA.pdf\" class=\"mtli_attachment mtli_pdf\">Resoluci\u00f3n 3-2023 CONDICIONADO PARA CUBRIR TEMPORALMENTE Y EN R\u00c9GIMEN ADMINISTRATIVO LA PLAZA DE SECRETAR\u00cdA<\/a><\/p>","protected":false},"excerpt":{"rendered":"<p>Es objeto de la presente convocatoria la contrataci\u00f3n temporal en r\u00e9gimen administrativo, mediante el sistema de concurso-oposici\u00f3n de una plaza de secretario\/a-interventor\/a\u00a0 con destino a la Agrupaci\u00f3n de Ayuntamientos de Oiz, Urroz, Beintza-Labaien y Donamaria, y la creaci\u00f3n de un&hellip; <\/p>\n","protected":false},"author":19184,"featured_media":0,"comment_status":"closed","ping_status":"closed","sticky":false,"template":"","format":"standard","meta":{"_monsterinsights_skip_tracking":false,"_monsterinsights_sitenote_active":false,"_monsterinsights_sitenote_note":"","_monsterinsights_sitenote_category":0,"footnotes":""},"categories":[1],"tags":[],"class_list":["post-8076","post","type-post","status-publish","format-standard","hentry","category-noticias"],"yoast_head":"<!-- This site is optimized with the Yoast SEO plugin v26.8 - https:\/\/yoast.com\/product\/yoast-seo-wordpress\/ -->\r\n<title>CONVOCATORIA: PUESTO SECRETARIA\/O-INTERVENTORA\/O - Ayuntamiento de Oitz<\/title>\r\n<meta name=\"robots\" content=\"index, follow, max-snippet:-1, max-image-preview:large, max-video-preview:-1\" \/>\r\n<link rel=\"canonical\" href=\"http:\/\/www.oitz.org\/es\/2023\/03\/21\/idazkari-kontu-hartzaile-lanpostu-deialdia\/\" \/>\r\n<meta property=\"og:locale\" content=\"es_ES\" \/>\r\n<meta property=\"og:type\" content=\"article\" \/>\r\n<meta property=\"og:title\" content=\"CONVOCATORIA: PUESTO SECRETARIA\/O-INTERVENTORA\/O - Ayuntamiento de Oitz\" \/>\r\n<meta property=\"og:description\" content=\"Es objeto de la presente convocatoria la contrataci\u00f3n temporal en r\u00e9gimen administrativo, mediante el sistema de concurso-oposici\u00f3n de una plaza de secretario\/a-interventor\/a\u00a0 con destino a la Agrupaci\u00f3n de Ayuntamientos de Oiz, Urroz, Beintza-Labaien y Donamaria, y la creaci\u00f3n de un&hellip;\" \/>\r\n<meta property=\"og:url\" content=\"http:\/\/www.oitz.org\/es\/2023\/03\/21\/idazkari-kontu-hartzaile-lanpostu-deialdia\/\" \/>\r\n<meta property=\"og:site_name\" content=\"Ayuntamiento de Oitz\" \/>\r\n<meta property=\"article:published_time\" content=\"2023-03-21T13:10:20+00:00\" \/>\r\n<meta property=\"article:modified_time\" content=\"2023-03-21T13:11:10+00:00\" \/>\r\n<meta name=\"author\" content=\"avelez\" \/>\r\n<meta name=\"twitter:card\" content=\"summary_large_image\" \/>\r\n<meta name=\"twitter:label1\" content=\"Escrito por\" \/>\n\t<meta name=\"twitter:data1\" content=\"avelez\" \/>\n\t<meta name=\"twitter:label2\" content=\"Tiempo de lectura\" \/>\n\t<meta name=\"twitter:data2\" content=\"1 minuto\" \/>\r\n<script type=\"application\/ld+json\" class=\"yoast-schema-graph\">{\"@context\":\"https:\/\/schema.org\",\"@graph\":[{\"@type\":\"Article\",\"@id\":\"http:\/\/www.oitz.org\/2023\/03\/21\/idazkari-kontu-hartzaile-lanpostu-deialdia\/#article\",\"isPartOf\":{\"@id\":\"http:\/\/www.oitz.org\/2023\/03\/21\/idazkari-kontu-hartzaile-lanpostu-deialdia\/\"},\"author\":{\"name\":\"avelez\",\"@id\":\"http:\/\/www.oitz.org\/#\/schema\/person\/e038f38bcc8dad4bd4210d6261ba8ede\"},\"headline\":\"CONVOCATORIA: PUESTO SECRETARIA\/O-INTERVENTORA\/O\",\"datePublished\":\"2023-03-21T13:10:20+00:00\",\"dateModified\":\"2023-03-21T13:11:10+00:00\",\"mainEntityOfPage\":{\"@id\":\"http:\/\/www.oitz.org\/2023\/03\/21\/idazkari-kontu-hartzaile-lanpostu-deialdia\/\"},\"wordCount\":150,\"articleSection\":[\"Noticias\"],\"inLanguage\":\"es\"},{\"@type\":\"WebPage\",\"@id\":\"http:\/\/www.oitz.org\/es\/2023\/03\/21\/idazkari-kontu-hartzaile-lanpostu-deialdia\/\",\"url\":\"http:\/\/www.oitz.org\/es\/2023\/03\/21\/idazkari-kontu-hartzaile-lanpostu-deialdia\/\",\"name\":\"CONVOCATORIA: PUESTO SECRETARIA\/O-INTERVENTORA\/O - Ayuntamiento de Oitz\",\"isPartOf\":{\"@id\":\"http:\/\/www.oitz.org\/es\/#website\"},\"datePublished\":\"2023-03-21T13:10:20+00:00\",\"dateModified\":\"2023-03-21T13:11:10+00:00\",\"author\":{\"@id\":\"http:\/\/www.oitz.org\/#\/schema\/person\/e038f38bcc8dad4bd4210d6261ba8ede\"},\"breadcrumb\":{\"@id\":\"http:\/\/www.oitz.org\/es\/2023\/03\/21\/idazkari-kontu-hartzaile-lanpostu-deialdia\/#breadcrumb\"},\"inLanguage\":\"es\",\"potentialAction\":[{\"@type\":\"ReadAction\",\"target\":[[\"http:\/\/www.oitz.org\/es\/2023\/03\/21\/idazkari-kontu-hartzaile-lanpostu-deialdia\/\"]]}]},{\"@type\":\"BreadcrumbList\",\"@id\":\"http:\/\/www.oitz.org\/es\/2023\/03\/21\/idazkari-kontu-hartzaile-lanpostu-deialdia\/#breadcrumb\",\"itemListElement\":[{\"@type\":\"ListItem\",\"position\":1,\"name\":\"Home\",\"item\":\"http:\/\/www.oitz.org\/es\/\"},{\"@type\":\"ListItem\",\"position\":2,\"name\":\"IDAZKARI-KONTU HARTZAILE LANPOSTU DEIALDIA\"}]},{\"@type\":\"WebSite\",\"@id\":\"http:\/\/www.oitz.org\/es\/#website\",\"url\":\"http:\/\/www.oitz.org\/es\/\",\"name\":\"Ayuntamiento de Oitz\",\"description\":\"Sitio web del Ayuntamiento de Oitz \/ Oizko Udala\",\"potentialAction\":[{\"@type\":\"SearchAction\",\"target\":{\"@type\":\"EntryPoint\",\"urlTemplate\":\"http:\/\/www.oitz.org\/es\/?s={search_term_string}\"},\"query-input\":{\"@type\":\"PropertyValueSpecification\",\"valueRequired\":true,\"valueName\":\"search_term_string\"}}],\"inLanguage\":\"es\"},{\"@type\":\"Person\",\"@id\":\"http:\/\/www.oitz.org\/#\/schema\/person\/e038f38bcc8dad4bd4210d6261ba8ede\",\"name\":\"avelez\",\"image\":{\"@type\":\"ImageObject\",\"inLanguage\":\"es\",\"@id\":\"http:\/\/www.oitz.org\/es\/#\/schema\/person\/image\/\",\"url\":\"https:\/\/secure.gravatar.com\/avatar\/1e69bf2023283df8f79960d2533b2b59b98ac5171c7bc750e628cb280d552f35?s=96&d=mm&r=g\",\"contentUrl\":\"https:\/\/secure.gravatar.com\/avatar\/1e69bf2023283df8f79960d2533b2b59b98ac5171c7bc750e628cb280d552f35?s=96&d=mm&r=g\",\"caption\":\"avelez\"},\"url\":\"http:\/\/www.oitz.org\/es\/author\/avelez\/\"}]}<\/script>\r\n<!-- \/ Yoast SEO plugin. -->","yoast_head_json":{"title":"CONVOCATORIA: PUESTO SECRETARIA\/O-INTERVENTORA\/O - Ayuntamiento de Oitz","robots":{"index":"index","follow":"follow","max-snippet":"max-snippet:-1","max-image-preview":"max-image-preview:large","max-video-preview":"max-video-preview:-1"},"canonical":"http:\/\/www.oitz.org\/es\/2023\/03\/21\/idazkari-kontu-hartzaile-lanpostu-deialdia\/","og_locale":"es_ES","og_type":"article","og_title":"CONVOCATORIA: PUESTO SECRETARIA\/O-INTERVENTORA\/O - Ayuntamiento de Oitz","og_description":"Es objeto de la presente convocatoria la contrataci\u00f3n temporal en r\u00e9gimen administrativo, mediante el sistema de concurso-oposici\u00f3n de una plaza de secretario\/a-interventor\/a\u00a0 con destino a la Agrupaci\u00f3n de Ayuntamientos de Oiz, Urroz, Beintza-Labaien y Donamaria, y la creaci\u00f3n de un&hellip;","og_url":"http:\/\/www.oitz.org\/es\/2023\/03\/21\/idazkari-kontu-hartzaile-lanpostu-deialdia\/","og_site_name":"Ayuntamiento de Oitz","article_published_time":"2023-03-21T13:10:20+00:00","article_modified_time":"2023-03-21T13:11:10+00:00","author":"avelez","twitter_card":"summary_large_image","twitter_misc":{"Escrito por":"avelez","Tiempo de lectura":"1 minuto"},"schema":{"@context":"https:\/\/schema.org","@graph":[{"@type":"Article","@id":"http:\/\/www.oitz.org\/2023\/03\/21\/idazkari-kontu-hartzaile-lanpostu-deialdia\/#article","isPartOf":{"@id":"http:\/\/www.oitz.org\/2023\/03\/21\/idazkari-kontu-hartzaile-lanpostu-deialdia\/"},"author":{"name":"avelez","@id":"http:\/\/www.oitz.org\/#\/schema\/person\/e038f38bcc8dad4bd4210d6261ba8ede"},"headline":"CONVOCATORIA: PUESTO SECRETARIA\/O-INTERVENTORA\/O","datePublished":"2023-03-21T13:10:20+00:00","dateModified":"2023-03-21T13:11:10+00:00","mainEntityOfPage":{"@id":"http:\/\/www.oitz.org\/2023\/03\/21\/idazkari-kontu-hartzaile-lanpostu-deialdia\/"},"wordCount":150,"articleSection":["Noticias"],"inLanguage":"es"},{"@type":"WebPage","@id":"http:\/\/www.oitz.org\/es\/2023\/03\/21\/idazkari-kontu-hartzaile-lanpostu-deialdia\/","url":"http:\/\/www.oitz.org\/es\/2023\/03\/21\/idazkari-kontu-hartzaile-lanpostu-deialdia\/","name":"CONVOCATORIA: PUESTO SECRETARIA\/O-INTERVENTORA\/O - Ayuntamiento de Oitz","isPartOf":{"@id":"http:\/\/www.oitz.org\/es\/#website"},"datePublished":"2023-03-21T13:10:20+00:00","dateModified":"2023-03-21T13:11:10+00:00","author":{"@id":"http:\/\/www.oitz.org\/#\/schema\/person\/e038f38bcc8dad4bd4210d6261ba8ede"},"breadcrumb":{"@id":"http:\/\/www.oitz.org\/es\/2023\/03\/21\/idazkari-kontu-hartzaile-lanpostu-deialdia\/#breadcrumb"},"inLanguage":"es","potentialAction":[{"@type":"ReadAction","target":[["http:\/\/www.oitz.org\/es\/2023\/03\/21\/idazkari-kontu-hartzaile-lanpostu-deialdia\/"]]}]},{"@type":"BreadcrumbList","@id":"http:\/\/www.oitz.org\/es\/2023\/03\/21\/idazkari-kontu-hartzaile-lanpostu-deialdia\/#breadcrumb","itemListElement":[{"@type":"ListItem","position":1,"name":"Home","item":"http:\/\/www.oitz.org\/es\/"},{"@type":"ListItem","position":2,"name":"IDAZKARI-KONTU HARTZAILE LANPOSTU DEIALDIA"}]},{"@type":"WebSite","@id":"http:\/\/www.oitz.org\/es\/#website","url":"http:\/\/www.oitz.org\/es\/","name":"Ayuntamiento de Oitz","description":"Sitio web del Ayuntamiento de Oitz \/ Oizko Udala","potentialAction":[{"@type":"SearchAction","target":{"@type":"EntryPoint","urlTemplate":"http:\/\/www.oitz.org\/es\/?s={search_term_string}"},"query-input":{"@type":"PropertyValueSpecification","valueRequired":true,"valueName":"search_term_string"}}],"inLanguage":"es"},{"@type":"Person","@id":"http:\/\/www.oitz.org\/#\/schema\/person\/e038f38bcc8dad4bd4210d6261ba8ede","name":"avelez","image":{"@type":"ImageObject","inLanguage":"es","@id":"http:\/\/www.oitz.org\/es\/#\/schema\/person\/image\/","url":"https:\/\/secure.gravatar.com\/avatar\/1e69bf2023283df8f79960d2533b2b59b98ac5171c7bc750e628cb280d552f35?s=96&d=mm&r=g","contentUrl":"https:\/\/secure.gravatar.com\/avatar\/1e69bf2023283df8f79960d2533b2b59b98ac5171c7bc750e628cb280d552f35?s=96&d=mm&r=g","caption":"avelez"},"url":"http:\/\/www.oitz.org\/es\/author\/avelez\/"}]}},"_links":{"self":[{"href":"http:\/\/www.oitz.org\/es\/wp-json\/wp\/v2\/posts\/8076","targetHints":{"allow":["GET"]}}],"collection":[{"href":"http:\/\/www.oitz.org\/es\/wp-json\/wp\/v2\/posts"}],"about":[{"href":"http:\/\/www.oitz.org\/es\/wp-json\/wp\/v2\/types\/post"}],"author":[{"embeddable":true,"href":"http:\/\/www.oitz.org\/es\/wp-json\/wp\/v2\/users\/19184"}],"replies":[{"embeddable":true,"href":"http:\/\/www.oitz.org\/es\/wp-json\/wp\/v2\/comments?post=8076"}],"version-history":[{"count":3,"href":"http:\/\/www.oitz.org\/es\/wp-json\/wp\/v2\/posts\/8076\/revisions"}],"predecessor-version":[{"id":8083,"href":"http:\/\/www.oitz.org\/es\/wp-json\/wp\/v2\/posts\/8076\/revisions\/8083"}],"wp:attachment":[{"href":"http:\/\/www.oitz.org\/es\/wp-json\/wp\/v2\/media?parent=8076"}],"wp:term":[{"taxonomy":"category","embeddable":true,"href":"http:\/\/www.oitz.org\/es\/wp-json\/wp\/v2\/categories?post=8076"},{"taxonomy":"post_tag","embeddable":true,"href":"http:\/\/www.oitz.org\/es\/wp-json\/wp\/v2\/tags?post=8076"}],"curies":[{"name":"wp","href":"https:\/\/api.w.org\/{rel}","templated":true}]}}